{"id":1227,"date":"2023-04-26T09:00:19","date_gmt":"2023-04-26T09:00:19","guid":{"rendered":"https:\/\/gumy.eu\/novinky\/?p=1227"},"modified":"2023-04-26T12:02:10","modified_gmt":"2023-04-26T12:02:10","slug":"vredestein-comtrac-2","status":"publish","type":"post","link":"https:\/\/gumy.eu\/novinky\/vredestein-comtrac-2\/","title":{"rendered":"Letn\u00e1 pneumatika Vredestein Comtrac 2 je v\u00ed\u0165azom testu"},"content":{"rendered":"\n<p><strong>Vredestein Comtrac 2 je v\u00ed\u0165azom v skupinovom teste letn\u00fdch pneumat\u00edk pre obytn\u00e9 vozidl\u00e1 spolo\u010dnosti Promobil<\/strong><\/p>\n\n\n<div class=\"wp-block-image\">\n<figure class=\"aligncenter size-full is-resized\"><img loading=\"lazy\" decoding=\"async\" src=\"https:\/\/gumy.eu\/novinky\/wp-content\/uploads\/2023\/04\/image001.png\" alt=\"\" class=\"wp-image-1228\" width=\"165\" height=\"73\" srcset=\"https:\/\/gumy.eu\/novinky\/wp-content\/uploads\/2023\/04\/image001.png 220w, https:\/\/gumy.eu\/novinky\/wp-content\/uploads\/2023\/04\/image001-218x97.png 218w\" sizes=\"auto, (max-width: 165px) 100vw, 165px\" \/><\/figure>\n<\/div>\n\n<div class=\"wp-block-image\">\n<figure class=\"aligncenter size-full is-resized\"><img loading=\"lazy\" decoding=\"async\" src=\"https:\/\/gumy.eu\/novinky\/wp-content\/uploads\/2023\/04\/image002.png\" alt=\"\" class=\"wp-image-1229\" width=\"227\" height=\"35\" srcset=\"https:\/\/gumy.eu\/novinky\/wp-content\/uploads\/2023\/04\/image002.png 303w, https:\/\/gumy.eu\/novinky\/wp-content\/uploads\/2023\/04\/image002-300x46.png 300w\" sizes=\"auto, (max-width: 227px) 100vw, 227px\" \/><\/figure>\n<\/div>\n\n\n<p>Vredestein&nbsp;<strong><a href=\"https:\/\/gumy.eu\/products\/search\/keyword?query=Comtrac+2\" target=\"_blank\" rel=\"noreferrer noopener\">Comtrac 2<\/a><\/strong>&nbsp;, pr\u00e9miov\u00e1 letn\u00e1 pneumatika pre \u013eahk\u00e9 \u00fa\u017eitkov\u00e9 vozidl\u00e1, vyhrala prv\u00e9 miesto v skupinovom teste letn\u00fdch pneumat\u00edk spolo\u010dnosti&nbsp;<em>Promobil<\/em>&nbsp;, najv\u00e4\u010d\u0161ej nemeckej webovej str\u00e1nky pre karavany a obytn\u00e9 vozidl\u00e1.<\/p>\n\n\n\n<p>T\u00edm spolo\u010dnosti Promobil testoval \u0161es\u0165 r\u00f4znych produktov od popredn\u00fdch eur\u00f3pskych v\u00fdrobcov pneumat\u00edk, ktor\u00e9 namontoval na obytn\u00fd automobil Ford Transit a podrobil ho s\u00e9rii n\u00e1ro\u010dn\u00fdch dynamick\u00fdch testov. Pneumatika Vredestein bola ohodnoten\u00e1 ako &#8222;ve\u013emi odpor\u00fa\u010dan\u00e1&#8220; a umiestnila sa na prvom mieste v rebr\u00ed\u010dku stanovenom nez\u00e1visl\u00fdm testovac\u00edm t\u00edmom. Testuj\u00faci vyzdvihli jej v\u00fdnimo\u010dn\u00fd v\u00fdkon na mokrom aj suchom povrchu.<\/p>\n\n\n\n<p>Pneumatika Comtrac 2 sa umiestnila na prvom mieste v teste n\u00fadzov\u00e9ho brzdenia na mokrej vozovke, ke\u010f na zabrzdenie testovan\u00e9ho vozidla z r\u00fdchlosti 80 km\/h potrebovala iba 36,7 metra &#8211; o jeden meter menej ako druh\u00e1 najv\u00fdkonnej\u0161ia pneumatika a takmer o cel\u00fa d\u013a\u017eku vozidla menej ako najhor\u0161ia pneumatika. Pneumatika <a href=\"https:\/\/gumy.eu\/products\/search\/keyword?query=Comtrac+2\" target=\"_blank\" rel=\"noreferrer noopener\">Comtrac 2<\/a> sa tie\u017e umiestnila na prvom mieste v tabu\u013eke akceler\u00e1cie a ovl\u00e1date\u013enosti na mokrej vozovke, pri\u010dom na testerov zap\u00f4sobila &#8222;vynikaj\u00facou bezpe\u010dnos\u0165ou v z\u00e1krut\u00e1ch a vynikaj\u00facou schopnos\u0165ou vyhn\u00fa\u0165 sa \u0161myku na vode&#8220;.<\/p>\n\n\n<div class=\"wp-block-image\">\n<figure class=\"aligncenter size-full\"><img loading=\"lazy\" decoding=\"async\" width=\"307\" height=\"600\" src=\"https:\/\/gumy.eu\/novinky\/wp-content\/uploads\/2023\/04\/COMTRAC2.jpg\" alt=\"\" class=\"wp-image-1230\" srcset=\"https:\/\/gumy.eu\/novinky\/wp-content\/uploads\/2023\/04\/COMTRAC2.jpg 307w, https:\/\/gumy.eu\/novinky\/wp-content\/uploads\/2023\/04\/COMTRAC2-154x300.jpg 154w, https:\/\/gumy.eu\/novinky\/wp-content\/uploads\/2023\/04\/COMTRAC2-215x420.jpg 215w\" sizes=\"auto, (max-width: 307px) 100vw, 307px\" \/><\/figure>\n<\/div>\n\n\n<p>Pneumatika Vredestein sa osved\u010dila aj v testoch na suchu, kde z\u00edskala prv\u00e9 miesto z h\u013eadiska brzdn\u00e9ho v\u00fdkonu (100 &#8211; 0 km\/h) a v testoch ovl\u00e1date\u013enosti na sk\u00fa\u0161obnej trati, ktor\u00e9 pneumatiku posunuli na hranicu jej mo\u017enost\u00ed. Testuj\u00faci zistili, \u017ee pneumatika Comtrac 2 v porovnan\u00ed s ostatn\u00fdmi pneumatikami v teste jednozna\u010dne pon\u00faka najvy\u0161\u0161iu \u00farove\u0148 bezpe\u010dnosti na v\u0161etk\u00fdch povrchoch vozovky.<\/p>\n\n\n\n<p>&#8222;Po letn\u00fdch pneumatik\u00e1ch je medzi pou\u017e\u00edvate\u013emi obytn\u00fdch vozidiel vo v\u00e4\u010d\u0161ine eur\u00f3pskych kraj\u00edn na\u010falej ve\u013ek\u00fd dopyt a pneumatiky Vredestein si za roky svojej existencie vybudovali ve\u013ek\u00fa a vern\u00fa z\u00e1kazn\u00edcku z\u00e1klad\u0148u.&#8220; &#8211; povedal Daniele Lorenzetti, technick\u00fd riadite\u013e spolo\u010dnosti Apollo Tyres. &#8222;Budeme aj na\u010falej intenz\u00edvne investova\u0165 do v\u00fdvoja produktov v tejto kateg\u00f3rii, aby pneumatiky Vredestein mohli aj na\u010falej pon\u00faka\u0165 \u0161pi\u010dkov\u00fd v\u00fdkon a vysok\u00fa \u00farove\u0148 bezpe\u010dnosti za prijate\u013en\u00fa cenu.&#8220;<\/p>\n\n\n\n<p>Pneumatika <a href=\"https:\/\/gumy.eu\/products\/search\/keyword?query=Comtrac+2\" target=\"_blank\" rel=\"noreferrer noopener\">Vredestein Comtrac 2<\/a> je letn\u00e1 pneumatika, p\u00f4vodne vyvinut\u00e1 pre \u013eahk\u00e9 \u00fa\u017eitkov\u00e9 vozidl\u00e1 a je ve\u013emi ob\u013e\u00faben\u00e1 aj u pou\u017e\u00edvate\u013eov obytn\u00fdch vozidiel. Jej robustn\u00e1 a odoln\u00e1 kon\u0161trukcia a vysok\u00fd stupe\u0148 stability pri ve\u013ekom za\u0165a\u017een\u00ed z nej robia vynikaj\u00facu vo\u013ebu pre mnoh\u00e9 n\u00e1ro\u010dn\u00e9 podmienky.<\/p>\n\n\n\n<div class=\"wp-block-buttons is-content-justification-center is-layout-flex wp-container-core-buttons-is-layout-16018d1d wp-block-buttons-is-layout-flex\">\n<div class=\"wp-block-button\"><a class=\"wp-block-button__link has-black-color has-text-color has-background wp-element-button\" href=\"https:\/\/gumy.eu\/products\/search\/keyword?query=Comtrac+2\" style=\"border-radius:1px;background-color:#fdd814\" target=\"_blank\" rel=\"noreferrer noopener\">Letn\u00e1 pneumatika Vredestein<\/a><\/div>\n<\/div>\n","protected":false},"excerpt":{"rendered":"<p>Vredestein Comtrac 2 je v\u00ed\u0165azom v skupinovom teste letn\u00fdch pneumat\u00edk pre obytn\u00e9 vozidl\u00e1 spolo\u010dnosti Promobil Vredestein&nbsp;Comtrac 2&nbsp;, pr\u00e9miov\u00e1 letn\u00e1 pneumatika<\/p>\n","protected":false},"author":1,"featured_media":1231,"comment_status":"closed","ping_status":"closed","sticky":false,"template":"","format":"standard","meta":{"footnotes":""},"categories":[69],"tags":[],"class_list":["post-1227","post","type-post","status-publish","format-standard","has-post-thumbnail","hentry","category-vredestein"],"yoast_head":"<!-- This site is optimized with the Yoast SEO plugin v27.5 - https:\/\/yoast.com\/product\/yoast-seo-wordpress\/ -->\n<title>Letn\u00e1 pneumatika Vredestein Comtrac 2 je v\u00ed\u0165azom testu - Novinky<\/title>\n<meta name=\"description\" content=\"Vredestein Comtrac 2 zv\u00ed\u0165azil v skupinovom teste letn\u00fdch pneumat\u00edk pre obytn\u00e9 vozidl\u00e1 spolo\u010dnosti Promobil\" \/>\n<meta name=\"robots\" content=\"index, follow, max-snippet:-1, max-image-preview:large, max-video-preview:-1\" \/>\n<link rel=\"canonical\" href=\"https:\/\/gumy.eu\/novinky\/vredestein-comtrac-2\/\" \/>\n<meta property=\"og:locale\" content=\"sk_SK\" \/>\n<meta property=\"og:type\" content=\"article\" \/>\n<meta property=\"og:title\" content=\"Letn\u00e1 pneumatika Vredestein Comtrac 2 je v\u00ed\u0165azom testu - Novinky\" \/>\n<meta property=\"og:description\" content=\"Vredestein Comtrac 2 zv\u00ed\u0165azil v skupinovom teste letn\u00fdch pneumat\u00edk pre obytn\u00e9 vozidl\u00e1 spolo\u010dnosti Promobil\" \/>\n<meta property=\"og:url\" content=\"https:\/\/gumy.eu\/novinky\/vredestein-comtrac-2\/\" \/>\n<meta property=\"og:site_name\" content=\"Novinky\" \/>\n<meta property=\"article:published_time\" content=\"2023-04-26T09:00:19+00:00\" \/>\n<meta property=\"article:modified_time\" content=\"2023-04-26T12:02:10+00:00\" \/>\n<meta property=\"og:image\" content=\"https:\/\/gumy.eu\/novinky\/wp-content\/uploads\/2023\/04\/comtrac2summer.jpg\" \/>\n\t<meta property=\"og:image:width\" content=\"1920\" \/>\n\t<meta property=\"og:image:height\" content=\"1080\" \/>\n\t<meta property=\"og:image:type\" content=\"image\/jpeg\" \/>\n<meta name=\"author\" content=\"marketing\" \/>\n<meta name=\"twitter:card\" content=\"summary_large_image\" \/>\n<meta name=\"twitter:label1\" content=\"Autor\" \/>\n\t<meta name=\"twitter:data1\" content=\"marketing\" \/>\n\t<meta name=\"twitter:label2\" content=\"Predpokladan\u00fd \u010das \u010d\u00edtania\" \/>\n\t<meta name=\"twitter:data2\" content=\"2 min\u00faty\" \/>\n<script type=\"application\/ld+json\" class=\"yoast-schema-graph\">{\"@context\":\"https:\\\/\\\/schema.org\",\"@graph\":[{\"@type\":\"Article\",\"@id\":\"https:\\\/\\\/gumy.eu\\\/novinky\\\/vredestein-comtrac-2\\\/#article\",\"isPartOf\":{\"@id\":\"https:\\\/\\\/gumy.eu\\\/novinky\\\/vredestein-comtrac-2\\\/\"},\"author\":{\"name\":\"marketing\",\"@id\":\"https:\\\/\\\/gumy.eu\\\/novinky\\\/#\\\/schema\\\/person\\\/c04655e2d84373e1bc44a7084bee8d0f\"},\"headline\":\"Letn\u00e1 pneumatika Vredestein Comtrac 2 je v\u00ed\u0165azom testu\",\"datePublished\":\"2023-04-26T09:00:19+00:00\",\"dateModified\":\"2023-04-26T12:02:10+00:00\",\"mainEntityOfPage\":{\"@id\":\"https:\\\/\\\/gumy.eu\\\/novinky\\\/vredestein-comtrac-2\\\/\"},\"wordCount\":462,\"publisher\":{\"@id\":\"https:\\\/\\\/gumy.eu\\\/novinky\\\/#organization\"},\"image\":{\"@id\":\"https:\\\/\\\/gumy.eu\\\/novinky\\\/vredestein-comtrac-2\\\/#primaryimage\"},\"thumbnailUrl\":\"https:\\\/\\\/gumy.eu\\\/novinky\\\/wp-content\\\/uploads\\\/2023\\\/04\\\/comtrac2summer.jpg\",\"articleSection\":[\"Vredestein\"],\"inLanguage\":\"sk-SK\"},{\"@type\":\"WebPage\",\"@id\":\"https:\\\/\\\/gumy.eu\\\/novinky\\\/vredestein-comtrac-2\\\/\",\"url\":\"https:\\\/\\\/gumy.eu\\\/novinky\\\/vredestein-comtrac-2\\\/\",\"name\":\"Letn\u00e1 pneumatika Vredestein Comtrac 2 je v\u00ed\u0165azom testu - Novinky\",\"isPartOf\":{\"@id\":\"https:\\\/\\\/gumy.eu\\\/novinky\\\/#website\"},\"primaryImageOfPage\":{\"@id\":\"https:\\\/\\\/gumy.eu\\\/novinky\\\/vredestein-comtrac-2\\\/#primaryimage\"},\"image\":{\"@id\":\"https:\\\/\\\/gumy.eu\\\/novinky\\\/vredestein-comtrac-2\\\/#primaryimage\"},\"thumbnailUrl\":\"https:\\\/\\\/gumy.eu\\\/novinky\\\/wp-content\\\/uploads\\\/2023\\\/04\\\/comtrac2summer.jpg\",\"datePublished\":\"2023-04-26T09:00:19+00:00\",\"dateModified\":\"2023-04-26T12:02:10+00:00\",\"description\":\"Vredestein Comtrac 2 zv\u00ed\u0165azil v skupinovom teste letn\u00fdch pneumat\u00edk pre obytn\u00e9 vozidl\u00e1 spolo\u010dnosti Promobil\",\"inLanguage\":\"sk-SK\",\"potentialAction\":[{\"@type\":\"ReadAction\",\"target\":[\"https:\\\/\\\/gumy.eu\\\/novinky\\\/vredestein-comtrac-2\\\/\"]}]},{\"@type\":\"ImageObject\",\"inLanguage\":\"sk-SK\",\"@id\":\"https:\\\/\\\/gumy.eu\\\/novinky\\\/vredestein-comtrac-2\\\/#primaryimage\",\"url\":\"https:\\\/\\\/gumy.eu\\\/novinky\\\/wp-content\\\/uploads\\\/2023\\\/04\\\/comtrac2summer.jpg\",\"contentUrl\":\"https:\\\/\\\/gumy.eu\\\/novinky\\\/wp-content\\\/uploads\\\/2023\\\/04\\\/comtrac2summer.jpg\",\"width\":1920,\"height\":1080,\"caption\":\"Vredestein Comtrac 2\"},{\"@type\":\"WebSite\",\"@id\":\"https:\\\/\\\/gumy.eu\\\/novinky\\\/#website\",\"url\":\"https:\\\/\\\/gumy.eu\\\/novinky\\\/\",\"name\":\"Novinky\",\"description\":\"Gumy.eu\",\"publisher\":{\"@id\":\"https:\\\/\\\/gumy.eu\\\/novinky\\\/#organization\"},\"potentialAction\":[{\"@type\":\"SearchAction\",\"target\":{\"@type\":\"EntryPoint\",\"urlTemplate\":\"https:\\\/\\\/gumy.eu\\\/novinky\\\/?s={search_term_string}\"},\"query-input\":{\"@type\":\"PropertyValueSpecification\",\"valueRequired\":true,\"valueName\":\"search_term_string\"}}],\"inLanguage\":\"sk-SK\"},{\"@type\":\"Organization\",\"@id\":\"https:\\\/\\\/gumy.eu\\\/novinky\\\/#organization\",\"name\":\"Novinky\",\"url\":\"https:\\\/\\\/gumy.eu\\\/novinky\\\/\",\"logo\":{\"@type\":\"ImageObject\",\"inLanguage\":\"sk-SK\",\"@id\":\"https:\\\/\\\/gumy.eu\\\/novinky\\\/#\\\/schema\\\/logo\\\/image\\\/\",\"url\":\"https:\\\/\\\/gumy.eu\\\/novinky\\\/wp-content\\\/uploads\\\/2025\\\/04\\\/gumy_eu-logo-200x85-1.jpg\",\"contentUrl\":\"https:\\\/\\\/gumy.eu\\\/novinky\\\/wp-content\\\/uploads\\\/2025\\\/04\\\/gumy_eu-logo-200x85-1.jpg\",\"width\":200,\"height\":85,\"caption\":\"Novinky\"},\"image\":{\"@id\":\"https:\\\/\\\/gumy.eu\\\/novinky\\\/#\\\/schema\\\/logo\\\/image\\\/\"}},{\"@type\":\"Person\",\"@id\":\"https:\\\/\\\/gumy.eu\\\/novinky\\\/#\\\/schema\\\/person\\\/c04655e2d84373e1bc44a7084bee8d0f\",\"name\":\"marketing\",\"sameAs\":[\"https:\\\/\\\/gumy.eu\\\/novinky\"],\"url\":\"https:\\\/\\\/gumy.eu\\\/novinky\\\/author\\\/marketing\\\/\"}]}<\/script>\n<!-- \/ Yoast SEO plugin. -->","yoast_head_json":{"title":"Letn\u00e1 pneumatika Vredestein Comtrac 2 je v\u00ed\u0165azom testu - Novinky","description":"Vredestein Comtrac 2 zv\u00ed\u0165azil v skupinovom teste letn\u00fdch pneumat\u00edk pre obytn\u00e9 vozidl\u00e1 spolo\u010dnosti Promobil","robots":{"index":"index","follow":"follow","max-snippet":"max-snippet:-1","max-image-preview":"max-image-preview:large","max-video-preview":"max-video-preview:-1"},"canonical":"https:\/\/gumy.eu\/novinky\/vredestein-comtrac-2\/","og_locale":"sk_SK","og_type":"article","og_title":"Letn\u00e1 pneumatika Vredestein Comtrac 2 je v\u00ed\u0165azom testu - Novinky","og_description":"Vredestein Comtrac 2 zv\u00ed\u0165azil v skupinovom teste letn\u00fdch pneumat\u00edk pre obytn\u00e9 vozidl\u00e1 spolo\u010dnosti Promobil","og_url":"https:\/\/gumy.eu\/novinky\/vredestein-comtrac-2\/","og_site_name":"Novinky","article_published_time":"2023-04-26T09:00:19+00:00","article_modified_time":"2023-04-26T12:02:10+00:00","og_image":[{"width":1920,"height":1080,"url":"https:\/\/gumy.eu\/novinky\/wp-content\/uploads\/2023\/04\/comtrac2summer.jpg","type":"image\/jpeg"}],"author":"marketing","twitter_card":"summary_large_image","twitter_misc":{"Autor":"marketing","Predpokladan\u00fd \u010das \u010d\u00edtania":"2 min\u00faty"},"schema":{"@context":"https:\/\/schema.org","@graph":[{"@type":"Article","@id":"https:\/\/gumy.eu\/novinky\/vredestein-comtrac-2\/#article","isPartOf":{"@id":"https:\/\/gumy.eu\/novinky\/vredestein-comtrac-2\/"},"author":{"name":"marketing","@id":"https:\/\/gumy.eu\/novinky\/#\/schema\/person\/c04655e2d84373e1bc44a7084bee8d0f"},"headline":"Letn\u00e1 pneumatika Vredestein Comtrac 2 je v\u00ed\u0165azom testu","datePublished":"2023-04-26T09:00:19+00:00","dateModified":"2023-04-26T12:02:10+00:00","mainEntityOfPage":{"@id":"https:\/\/gumy.eu\/novinky\/vredestein-comtrac-2\/"},"wordCount":462,"publisher":{"@id":"https:\/\/gumy.eu\/novinky\/#organization"},"image":{"@id":"https:\/\/gumy.eu\/novinky\/vredestein-comtrac-2\/#primaryimage"},"thumbnailUrl":"https:\/\/gumy.eu\/novinky\/wp-content\/uploads\/2023\/04\/comtrac2summer.jpg","articleSection":["Vredestein"],"inLanguage":"sk-SK"},{"@type":"WebPage","@id":"https:\/\/gumy.eu\/novinky\/vredestein-comtrac-2\/","url":"https:\/\/gumy.eu\/novinky\/vredestein-comtrac-2\/","name":"Letn\u00e1 pneumatika Vredestein Comtrac 2 je v\u00ed\u0165azom testu - Novinky","isPartOf":{"@id":"https:\/\/gumy.eu\/novinky\/#website"},"primaryImageOfPage":{"@id":"https:\/\/gumy.eu\/novinky\/vredestein-comtrac-2\/#primaryimage"},"image":{"@id":"https:\/\/gumy.eu\/novinky\/vredestein-comtrac-2\/#primaryimage"},"thumbnailUrl":"https:\/\/gumy.eu\/novinky\/wp-content\/uploads\/2023\/04\/comtrac2summer.jpg","datePublished":"2023-04-26T09:00:19+00:00","dateModified":"2023-04-26T12:02:10+00:00","description":"Vredestein Comtrac 2 zv\u00ed\u0165azil v skupinovom teste letn\u00fdch pneumat\u00edk pre obytn\u00e9 vozidl\u00e1 spolo\u010dnosti Promobil","inLanguage":"sk-SK","potentialAction":[{"@type":"ReadAction","target":["https:\/\/gumy.eu\/novinky\/vredestein-comtrac-2\/"]}]},{"@type":"ImageObject","inLanguage":"sk-SK","@id":"https:\/\/gumy.eu\/novinky\/vredestein-comtrac-2\/#primaryimage","url":"https:\/\/gumy.eu\/novinky\/wp-content\/uploads\/2023\/04\/comtrac2summer.jpg","contentUrl":"https:\/\/gumy.eu\/novinky\/wp-content\/uploads\/2023\/04\/comtrac2summer.jpg","width":1920,"height":1080,"caption":"Vredestein Comtrac 2"},{"@type":"WebSite","@id":"https:\/\/gumy.eu\/novinky\/#website","url":"https:\/\/gumy.eu\/novinky\/","name":"Novinky","description":"Gumy.eu","publisher":{"@id":"https:\/\/gumy.eu\/novinky\/#organization"},"potentialAction":[{"@type":"SearchAction","target":{"@type":"EntryPoint","urlTemplate":"https:\/\/gumy.eu\/novinky\/?s={search_term_string}"},"query-input":{"@type":"PropertyValueSpecification","valueRequired":true,"valueName":"search_term_string"}}],"inLanguage":"sk-SK"},{"@type":"Organization","@id":"https:\/\/gumy.eu\/novinky\/#organization","name":"Novinky","url":"https:\/\/gumy.eu\/novinky\/","logo":{"@type":"ImageObject","inLanguage":"sk-SK","@id":"https:\/\/gumy.eu\/novinky\/#\/schema\/logo\/image\/","url":"https:\/\/gumy.eu\/novinky\/wp-content\/uploads\/2025\/04\/gumy_eu-logo-200x85-1.jpg","contentUrl":"https:\/\/gumy.eu\/novinky\/wp-content\/uploads\/2025\/04\/gumy_eu-logo-200x85-1.jpg","width":200,"height":85,"caption":"Novinky"},"image":{"@id":"https:\/\/gumy.eu\/novinky\/#\/schema\/logo\/image\/"}},{"@type":"Person","@id":"https:\/\/gumy.eu\/novinky\/#\/schema\/person\/c04655e2d84373e1bc44a7084bee8d0f","name":"marketing","sameAs":["https:\/\/gumy.eu\/novinky"],"url":"https:\/\/gumy.eu\/novinky\/author\/marketing\/"}]}},"_links":{"self":[{"href":"https:\/\/gumy.eu\/novinky\/wp-json\/wp\/v2\/posts\/1227","targetHints":{"allow":["GET"]}}],"collection":[{"href":"https:\/\/gumy.eu\/novinky\/wp-json\/wp\/v2\/posts"}],"about":[{"href":"https:\/\/gumy.eu\/novinky\/wp-json\/wp\/v2\/types\/post"}],"author":[{"embeddable":true,"href":"https:\/\/gumy.eu\/novinky\/wp-json\/wp\/v2\/users\/1"}],"replies":[{"embeddable":true,"href":"https:\/\/gumy.eu\/novinky\/wp-json\/wp\/v2\/comments?post=1227"}],"version-history":[{"count":2,"href":"https:\/\/gumy.eu\/novinky\/wp-json\/wp\/v2\/posts\/1227\/revisions"}],"predecessor-version":[{"id":1233,"href":"https:\/\/gumy.eu\/novinky\/wp-json\/wp\/v2\/posts\/1227\/revisions\/1233"}],"wp:featuredmedia":[{"embeddable":true,"href":"https:\/\/gumy.eu\/novinky\/wp-json\/wp\/v2\/media\/1231"}],"wp:attachment":[{"href":"https:\/\/gumy.eu\/novinky\/wp-json\/wp\/v2\/media?parent=1227"}],"wp:term":[{"taxonomy":"category","embeddable":true,"href":"https:\/\/gumy.eu\/novinky\/wp-json\/wp\/v2\/categories?post=1227"},{"taxonomy":"post_tag","embeddable":true,"href":"https:\/\/gumy.eu\/novinky\/wp-json\/wp\/v2\/tags?post=1227"}],"curies":[{"name":"wp","href":"https:\/\/api.w.org\/{rel}","templated":true}]}}