{"id":444,"date":"2022-02-03T12:15:27","date_gmt":"2022-02-03T12:15:27","guid":{"rendered":"https:\/\/gumy.eu\/novinky\/?p=444"},"modified":"2022-04-25T08:10:30","modified_gmt":"2022-04-25T08:10:30","slug":"pirelli-oslavuje-150-vyrocie-svojho-vzniku","status":"publish","type":"post","link":"https:\/\/gumy.eu\/novinky\/pirelli-oslavuje-150-vyrocie-svojho-vzniku\/","title":{"rendered":"Pirelli oslavuje 150. v\u00fdro\u010die svojho vzniku"},"content":{"rendered":"\n<p>Spolo\u010dnos\u0165 <a href=\"https:\/\/www.pirelli.com\/global\/it-it\/150-anni\/\"><strong>Pirelli oslavuje 150 rokov<\/strong><\/a> svojej hist\u00f3rie \u0161irokou \u0161k\u00e1lou aktiv\u00edt, ako s\u00fa divadeln\u00e9 hry, reklama, vydanie po\u0161tovej zn\u00e1mky. V\u0161etky sa dot\u00fdkaj\u00fa mnoh\u00fdch oblast\u00ed p\u00f4sobenia zna\u010dky, od F1, rallye, superbikov, profesion\u00e1lnej cyklistiky, ly\u017eiarskych pretekov a\u017e po futbalov\u00e9 podujatia, kde je <strong><a href=\"https:\/\/gumy.eu\/vyhladavaniepodlarozmeru\/vsetko\/vsetko\/vsetko\/letnepneumatiky\/pirelli\">Pirelli<\/a> <\/strong>hlavn\u00fdm partnerom a sponzorom.<\/p>\n\n\n\n<h2 class=\"wp-block-heading\"><strong>Podujatia a vyst\u00fapenia pri pr\u00edle\u017eitosti oslavy 150. naroden\u00edn Pirelli:<\/strong><\/h2>\n\n\n\n<ul class=\"wp-block-list\"><li>zvidite\u013enenie na \u0161portov\u00fdch podujatia<\/li><li>celosvetov\u00e9 odpo\u010d\u00edtavanie<\/li><li>predstavenie na javisku Piccolo Teatro<\/li><li>reklamn\u00fd spot<\/li><li>webov\u00e1 str\u00e1nka &#8211; digit\u00e1lna prezent\u00e1cia &#8211; <strong><a href=\"https:\/\/www.pirelli.com\/global\/it-it\/150-anni\/\">https:\/\/www.pirelli.com\/global\/it-it\/150-anni\/<\/a><\/strong> <\/li><li>grafick\u00fd pr\u00edbeh<\/li><li>\u0161peci\u00e1lne vydanie \u010dasopisu Word<\/li><li>po\u0161tov\u00e9 zn\u00e1mky a mince<\/li><li>podcasty<\/li><li>in\u00e9 aktivity<\/li><\/ul>\n\n\n\n<figure class=\"wp-block-embed is-type-video is-provider-youtube wp-block-embed-youtube wp-embed-aspect-16-9 wp-has-aspect-ratio\"><div class=\"wp-block-embed__wrapper\">\n<iframe loading=\"lazy\" title=\"Pirelli 150 anni Evento\" width=\"800\" height=\"450\" src=\"https:\/\/www.youtube.com\/embed\/odl7kLUYWjE?feature=oembed\" frameborder=\"0\" allow=\"accelerometer; autoplay; clipboard-write; encrypted-media; gyroscope; picture-in-picture; web-share\" referrerpolicy=\"strict-origin-when-cross-origin\" allowfullscreen><\/iframe>\n<\/div><figcaption><span style=\"color: initial;\">Predstavenie na javisku Piccolo Teatro<\/span><\/figcaption><\/figure>\n\n\n\n<p>Oslavy sa za\u010dali vo ve\u013ekom \u0161t\u00fdle na javisku Piccolo Teatro v Mil\u00e1ne predstaven\u00edm, v ktorom sa stretli pr\u00edbehy, zvuky a obrazy z mnoh\u00fdch desa\u0165ro\u010d\u00ed hist\u00f3rie priemyslu, kost\u00fdmov, techniky a odhodlania, ktor\u00e9 sa za\u010dali 28. janu\u00e1ra 1872. Predstaveniu predch\u00e1dzalo celosvetov\u00e9 odpo\u010d\u00edtavanie a tri \u0161portov\u00e9 podujatia, ktor\u00e9 sa konali v\u00edkend pred oslavami.<\/p>\n\n\n\n<h2 class=\"wp-block-heading\"><strong>\u0160portov\u00e9 podujatia<\/strong><\/h2>\n\n\n\n<p>Vozidlo, ktor\u00e9 odjazdilo \u00favodn\u00e9 kolo Rallye Monte Carlo, prv\u00e9ho podujatia sez\u00f3ny WRC, malo farby oslavuj\u00face 150. v\u00fdro\u010die zalo\u017eenia spolo\u010dnosti Pirelli. \u0160\u00e9f Pirelli Motorsport Mario Isola a b\u00fdval\u00fd majster sveta v rallye Petter Solberg sedeli vo vozidle Kimera Evo37. Logo 150. v\u00fdro\u010dia sa objavilo na \u0161tadi\u00f3ne San Siro po\u010das futbalov\u00e9ho z\u00e1pasu Inter Milan &#8211; Ben\u00e1tky a na zjazdovk\u00e1ch  svetov\u00e9ho poh\u00e1ra v ly\u017eovan\u00ed.  V kateg\u00f3ri\u00e1ch Downhill a Super G zv\u00ed\u0165azili dve talianske pretek\u00e1rky Sofia Goggiaov\u00e1 a Elena Curtoniov\u00e1, ktor\u00e9 sponzorovala spolo\u010dnos\u0165 Pirelli. Oslavy prostredn\u00edctvom sponzorstva Pirelli bud\u00fa pokra\u010dova\u0165 po\u010das cel\u00e9ho roka.<\/p>\n\n\n\n<h2 class=\"wp-block-heading\"><strong>Glob\u00e1lne odpo\u010d\u00edtavanie<\/strong><\/h2>\n\n\n\n<p>Predstavenie v Piccolo Teatro bolo ohl\u00e1sen\u00e9 medzin\u00e1rodn\u00fdm odpo\u010d\u00edtavan\u00edm, ktor\u00e9 sa za\u010dalo 24. janu\u00e1ra v Riu De Janeiro a pokra\u010dovalo v nasleduj\u00facich d\u0148och 3D anim\u00e1ciou, ktor\u00e1 osvetlila 180 metrov vysok\u00fa ve\u017eu CITI Tower v \u0160anghaji a Nasdaq Tower na Times Square v New Yorku a skon\u010dilo v Mil\u00e1ne projekciou na Palazzo Venezia na Piazza Cordusio.<\/p>\n\n\n\n<h2 class=\"wp-block-heading\"><strong>Reklamn\u00fd spot<\/strong><\/h2>\n\n\n\n<p>Na oslavu 150. v\u00fdro\u010dia zna\u010dky Pirelli bola v hlavnom vysielacom \u010dase na hlavn\u00fdch talianskych telev\u00edznych kan\u00e1loch, ako aj v tla\u010di, digit\u00e1lnych a soci\u00e1lnych m\u00e9di\u00e1ch vysielan\u00e1 nov\u00e1 reklamn\u00e1 kampa\u0148. Tento vizion\u00e1rsky a metaforick\u00fd pr\u00edbeh pon\u00faka nov\u00fd poh\u013ead na star\u00fa zn\u00e1mu my\u0161lienku &#8222;Moc nie je ni\u010d bez kontroly&#8220; a vyz\u00fdva div\u00e1kov, aby sa zamysleli nad t\u00fdmito dvoma navz\u00e1jom sa dopl\u0148uj\u00facimi, ale protikladn\u00fdmi pojmami.<\/p>\n\n\n\n<figure class=\"wp-block-embed is-type-video is-provider-youtube wp-block-embed-youtube wp-embed-aspect-16-9 wp-has-aspect-ratio\"><div class=\"wp-block-embed__wrapper\">\n<iframe loading=\"lazy\" title=\"Pirelli 150 anni\" width=\"800\" height=\"450\" src=\"https:\/\/www.youtube.com\/embed\/CMTF-NBh_n4?feature=oembed\" frameborder=\"0\" allow=\"accelerometer; autoplay; clipboard-write; encrypted-media; gyroscope; picture-in-picture; web-share\" referrerpolicy=\"strict-origin-when-cross-origin\" allowfullscreen><\/iframe>\n<\/div><\/figure>\n\n\n\n<p>Technol\u00f3gie a soci\u00e1lne m\u00e9di\u00e1 dali mnoh\u00fdm \u013eu\u010fom do r\u00fak moc, ktor\u00e1 sa v\u0161ak m\u00f4\u017ee v okamihu zmeni\u0165 na chaos. Viac ako kedyko\u013evek predt\u00fdm si mus\u00edme uvedomi\u0165, \u017ee moc treba ma\u0165 pod kontrolou, a to nielen na cest\u00e1ch, ale aj v ka\u017edodennom \u017eivote. Reklama, ktor\u00e1 sa nakr\u00facala v Barcelone, re\u017e\u00edroval ju Manson, produkovala ju Utopia a kreat\u00edvne ju viedla agent\u00fara M&amp;C Saatchi, sa m\u00e1 objavi\u0165 na digit\u00e1lnych kan\u00e1loch po celom svete.<\/p>\n\n\n\n<p class=\"has-text-align-center\"><em><strong>Vyberte si z na\u0161ej \u0161irokej ponuky zimn\u00fdch, letn\u00fdch a celoro\u010dn\u00fdch pneumat\u00edk!<\/strong><\/em><\/p>\n\n\n\n<div class=\"wp-block-buttons is-content-justification-center is-layout-flex wp-block-buttons-is-layout-flex\">\n<div class=\"wp-block-button\"><a class=\"wp-block-button__link has-text-color has-background\" href=\"https:\/\/gumy.eu\/vyhladavaniepodlarozmeru\/osobnevozidlo,uzitkove,terenne\/vsetko\/vsetko\/letnepneumatiky\/pirelli\" style=\"background-color:#fdd814;color:#333333\">Letn\u00e9 pneumatiky PIRELLI<\/a><\/div>\n<\/div>\n","protected":false},"excerpt":{"rendered":"<p>Spolo\u010dnos\u0165 Pirelli oslavuje 150 rokov svojej hist\u00f3rie \u0161irokou \u0161k\u00e1lou aktiv\u00edt, ako s\u00fa divadeln\u00e9 hry, reklama, vydanie po\u0161tovej zn\u00e1mky. V\u0161etky sa<\/p>\n","protected":false},"author":1,"featured_media":449,"comment_status":"closed","ping_status":"closed","sticky":false,"template":"","format":"standard","meta":{"footnotes":""},"categories":[73,45],"tags":[],"class_list":["post-444","post","type-post","status-publish","format-standard","has-post-thumbnail","hentry","category-partner","category-pirelli"],"yoast_head":"<!-- This site is optimized with the Yoast SEO plugin v27.5 - https:\/\/yoast.com\/product\/yoast-seo-wordpress\/ -->\n<title>Pirelli oslavuje 150. v\u00fdro\u010die svojho vzniku - Novinky<\/title>\n<meta name=\"description\" content=\"Pri pr\u00edle\u017eitosti 150. v\u00fdro\u010dia svojho vzniku Pirelli pripravuje pre verejnos\u0165 \u0161irok\u00fa \u0161k\u00e1lu podujat\u00ed, programov a obsahu.\" \/>\n<meta name=\"robots\" content=\"index, follow, max-snippet:-1, max-image-preview:large, max-video-preview:-1\" \/>\n<link rel=\"canonical\" href=\"https:\/\/gumy.eu\/novinky\/pirelli-oslavuje-150-vyrocie-svojho-vzniku\/\" \/>\n<meta property=\"og:locale\" content=\"sk_SK\" \/>\n<meta property=\"og:type\" content=\"article\" \/>\n<meta property=\"og:title\" content=\"Pirelli oslavuje 150. v\u00fdro\u010die svojho vzniku - Novinky\" \/>\n<meta property=\"og:description\" content=\"Pri pr\u00edle\u017eitosti 150. v\u00fdro\u010dia svojho vzniku Pirelli pripravuje pre verejnos\u0165 \u0161irok\u00fa \u0161k\u00e1lu podujat\u00ed, programov a obsahu.\" \/>\n<meta property=\"og:url\" content=\"https:\/\/gumy.eu\/novinky\/pirelli-oslavuje-150-vyrocie-svojho-vzniku\/\" \/>\n<meta property=\"og:site_name\" content=\"Novinky\" \/>\n<meta property=\"article:published_time\" content=\"2022-02-03T12:15:27+00:00\" \/>\n<meta property=\"article:modified_time\" content=\"2022-04-25T08:10:30+00:00\" \/>\n<meta property=\"og:image\" content=\"https:\/\/gumy.eu\/novinky\/wp-content\/uploads\/2022\/02\/32012_LIFE-VISORE-INTERNO-PIRELLI-CELEBRA-I-SUOI-150-ANNI-1910X620.jpg\" \/>\n\t<meta property=\"og:image:width\" content=\"1910\" \/>\n\t<meta property=\"og:image:height\" content=\"620\" \/>\n\t<meta property=\"og:image:type\" content=\"image\/jpeg\" \/>\n<meta name=\"author\" content=\"marketing\" \/>\n<meta name=\"twitter:card\" content=\"summary_large_image\" \/>\n<meta name=\"twitter:label1\" content=\"Autor\" \/>\n\t<meta name=\"twitter:data1\" content=\"marketing\" \/>\n\t<meta name=\"twitter:label2\" content=\"Predpokladan\u00fd \u010das \u010d\u00edtania\" \/>\n\t<meta name=\"twitter:data2\" content=\"2 min\u00faty\" \/>\n<script type=\"application\/ld+json\" class=\"yoast-schema-graph\">{\"@context\":\"https:\\\/\\\/schema.org\",\"@graph\":[{\"@type\":\"Article\",\"@id\":\"https:\\\/\\\/gumy.eu\\\/novinky\\\/pirelli-oslavuje-150-vyrocie-svojho-vzniku\\\/#article\",\"isPartOf\":{\"@id\":\"https:\\\/\\\/gumy.eu\\\/novinky\\\/pirelli-oslavuje-150-vyrocie-svojho-vzniku\\\/\"},\"author\":{\"name\":\"marketing\",\"@id\":\"https:\\\/\\\/gumy.eu\\\/novinky\\\/#\\\/schema\\\/person\\\/c04655e2d84373e1bc44a7084bee8d0f\"},\"headline\":\"Pirelli oslavuje 150. v\u00fdro\u010die svojho vzniku\",\"datePublished\":\"2022-02-03T12:15:27+00:00\",\"dateModified\":\"2022-04-25T08:10:30+00:00\",\"mainEntityOfPage\":{\"@id\":\"https:\\\/\\\/gumy.eu\\\/novinky\\\/pirelli-oslavuje-150-vyrocie-svojho-vzniku\\\/\"},\"wordCount\":587,\"publisher\":{\"@id\":\"https:\\\/\\\/gumy.eu\\\/novinky\\\/#organization\"},\"image\":{\"@id\":\"https:\\\/\\\/gumy.eu\\\/novinky\\\/pirelli-oslavuje-150-vyrocie-svojho-vzniku\\\/#primaryimage\"},\"thumbnailUrl\":\"https:\\\/\\\/gumy.eu\\\/novinky\\\/wp-content\\\/uploads\\\/2022\\\/02\\\/32012_LIFE-VISORE-INTERNO-PIRELLI-CELEBRA-I-SUOI-150-ANNI-1910X620.jpg\",\"articleSection\":[\"partner\",\"Pirelli\"],\"inLanguage\":\"sk-SK\"},{\"@type\":\"WebPage\",\"@id\":\"https:\\\/\\\/gumy.eu\\\/novinky\\\/pirelli-oslavuje-150-vyrocie-svojho-vzniku\\\/\",\"url\":\"https:\\\/\\\/gumy.eu\\\/novinky\\\/pirelli-oslavuje-150-vyrocie-svojho-vzniku\\\/\",\"name\":\"Pirelli oslavuje 150. v\u00fdro\u010die svojho vzniku - Novinky\",\"isPartOf\":{\"@id\":\"https:\\\/\\\/gumy.eu\\\/novinky\\\/#website\"},\"primaryImageOfPage\":{\"@id\":\"https:\\\/\\\/gumy.eu\\\/novinky\\\/pirelli-oslavuje-150-vyrocie-svojho-vzniku\\\/#primaryimage\"},\"image\":{\"@id\":\"https:\\\/\\\/gumy.eu\\\/novinky\\\/pirelli-oslavuje-150-vyrocie-svojho-vzniku\\\/#primaryimage\"},\"thumbnailUrl\":\"https:\\\/\\\/gumy.eu\\\/novinky\\\/wp-content\\\/uploads\\\/2022\\\/02\\\/32012_LIFE-VISORE-INTERNO-PIRELLI-CELEBRA-I-SUOI-150-ANNI-1910X620.jpg\",\"datePublished\":\"2022-02-03T12:15:27+00:00\",\"dateModified\":\"2022-04-25T08:10:30+00:00\",\"description\":\"Pri pr\u00edle\u017eitosti 150. v\u00fdro\u010dia svojho vzniku Pirelli pripravuje pre verejnos\u0165 \u0161irok\u00fa \u0161k\u00e1lu podujat\u00ed, programov a obsahu.\",\"inLanguage\":\"sk-SK\",\"potentialAction\":[{\"@type\":\"ReadAction\",\"target\":[\"https:\\\/\\\/gumy.eu\\\/novinky\\\/pirelli-oslavuje-150-vyrocie-svojho-vzniku\\\/\"]}]},{\"@type\":\"ImageObject\",\"inLanguage\":\"sk-SK\",\"@id\":\"https:\\\/\\\/gumy.eu\\\/novinky\\\/pirelli-oslavuje-150-vyrocie-svojho-vzniku\\\/#primaryimage\",\"url\":\"https:\\\/\\\/gumy.eu\\\/novinky\\\/wp-content\\\/uploads\\\/2022\\\/02\\\/32012_LIFE-VISORE-INTERNO-PIRELLI-CELEBRA-I-SUOI-150-ANNI-1910X620.jpg\",\"contentUrl\":\"https:\\\/\\\/gumy.eu\\\/novinky\\\/wp-content\\\/uploads\\\/2022\\\/02\\\/32012_LIFE-VISORE-INTERNO-PIRELLI-CELEBRA-I-SUOI-150-ANNI-1910X620.jpg\",\"width\":1910,\"height\":620,\"caption\":\"Pirelli 150. v\u00fdro\u010die vzniku\"},{\"@type\":\"WebSite\",\"@id\":\"https:\\\/\\\/gumy.eu\\\/novinky\\\/#website\",\"url\":\"https:\\\/\\\/gumy.eu\\\/novinky\\\/\",\"name\":\"Novinky\",\"description\":\"Gumy.eu\",\"publisher\":{\"@id\":\"https:\\\/\\\/gumy.eu\\\/novinky\\\/#organization\"},\"potentialAction\":[{\"@type\":\"SearchAction\",\"target\":{\"@type\":\"EntryPoint\",\"urlTemplate\":\"https:\\\/\\\/gumy.eu\\\/novinky\\\/?s={search_term_string}\"},\"query-input\":{\"@type\":\"PropertyValueSpecification\",\"valueRequired\":true,\"valueName\":\"search_term_string\"}}],\"inLanguage\":\"sk-SK\"},{\"@type\":\"Organization\",\"@id\":\"https:\\\/\\\/gumy.eu\\\/novinky\\\/#organization\",\"name\":\"Novinky\",\"url\":\"https:\\\/\\\/gumy.eu\\\/novinky\\\/\",\"logo\":{\"@type\":\"ImageObject\",\"inLanguage\":\"sk-SK\",\"@id\":\"https:\\\/\\\/gumy.eu\\\/novinky\\\/#\\\/schema\\\/logo\\\/image\\\/\",\"url\":\"https:\\\/\\\/gumy.eu\\\/novinky\\\/wp-content\\\/uploads\\\/2025\\\/04\\\/gumy_eu-logo-200x85-1.jpg\",\"contentUrl\":\"https:\\\/\\\/gumy.eu\\\/novinky\\\/wp-content\\\/uploads\\\/2025\\\/04\\\/gumy_eu-logo-200x85-1.jpg\",\"width\":200,\"height\":85,\"caption\":\"Novinky\"},\"image\":{\"@id\":\"https:\\\/\\\/gumy.eu\\\/novinky\\\/#\\\/schema\\\/logo\\\/image\\\/\"}},{\"@type\":\"Person\",\"@id\":\"https:\\\/\\\/gumy.eu\\\/novinky\\\/#\\\/schema\\\/person\\\/c04655e2d84373e1bc44a7084bee8d0f\",\"name\":\"marketing\",\"sameAs\":[\"https:\\\/\\\/gumy.eu\\\/novinky\"],\"url\":\"https:\\\/\\\/gumy.eu\\\/novinky\\\/author\\\/marketing\\\/\"}]}<\/script>\n<!-- \/ Yoast SEO plugin. -->","yoast_head_json":{"title":"Pirelli oslavuje 150. v\u00fdro\u010die svojho vzniku - Novinky","description":"Pri pr\u00edle\u017eitosti 150. v\u00fdro\u010dia svojho vzniku Pirelli pripravuje pre verejnos\u0165 \u0161irok\u00fa \u0161k\u00e1lu podujat\u00ed, programov a obsahu.","robots":{"index":"index","follow":"follow","max-snippet":"max-snippet:-1","max-image-preview":"max-image-preview:large","max-video-preview":"max-video-preview:-1"},"canonical":"https:\/\/gumy.eu\/novinky\/pirelli-oslavuje-150-vyrocie-svojho-vzniku\/","og_locale":"sk_SK","og_type":"article","og_title":"Pirelli oslavuje 150. v\u00fdro\u010die svojho vzniku - Novinky","og_description":"Pri pr\u00edle\u017eitosti 150. v\u00fdro\u010dia svojho vzniku Pirelli pripravuje pre verejnos\u0165 \u0161irok\u00fa \u0161k\u00e1lu podujat\u00ed, programov a obsahu.","og_url":"https:\/\/gumy.eu\/novinky\/pirelli-oslavuje-150-vyrocie-svojho-vzniku\/","og_site_name":"Novinky","article_published_time":"2022-02-03T12:15:27+00:00","article_modified_time":"2022-04-25T08:10:30+00:00","og_image":[{"width":1910,"height":620,"url":"https:\/\/gumy.eu\/novinky\/wp-content\/uploads\/2022\/02\/32012_LIFE-VISORE-INTERNO-PIRELLI-CELEBRA-I-SUOI-150-ANNI-1910X620.jpg","type":"image\/jpeg"}],"author":"marketing","twitter_card":"summary_large_image","twitter_misc":{"Autor":"marketing","Predpokladan\u00fd \u010das \u010d\u00edtania":"2 min\u00faty"},"schema":{"@context":"https:\/\/schema.org","@graph":[{"@type":"Article","@id":"https:\/\/gumy.eu\/novinky\/pirelli-oslavuje-150-vyrocie-svojho-vzniku\/#article","isPartOf":{"@id":"https:\/\/gumy.eu\/novinky\/pirelli-oslavuje-150-vyrocie-svojho-vzniku\/"},"author":{"name":"marketing","@id":"https:\/\/gumy.eu\/novinky\/#\/schema\/person\/c04655e2d84373e1bc44a7084bee8d0f"},"headline":"Pirelli oslavuje 150. v\u00fdro\u010die svojho vzniku","datePublished":"2022-02-03T12:15:27+00:00","dateModified":"2022-04-25T08:10:30+00:00","mainEntityOfPage":{"@id":"https:\/\/gumy.eu\/novinky\/pirelli-oslavuje-150-vyrocie-svojho-vzniku\/"},"wordCount":587,"publisher":{"@id":"https:\/\/gumy.eu\/novinky\/#organization"},"image":{"@id":"https:\/\/gumy.eu\/novinky\/pirelli-oslavuje-150-vyrocie-svojho-vzniku\/#primaryimage"},"thumbnailUrl":"https:\/\/gumy.eu\/novinky\/wp-content\/uploads\/2022\/02\/32012_LIFE-VISORE-INTERNO-PIRELLI-CELEBRA-I-SUOI-150-ANNI-1910X620.jpg","articleSection":["partner","Pirelli"],"inLanguage":"sk-SK"},{"@type":"WebPage","@id":"https:\/\/gumy.eu\/novinky\/pirelli-oslavuje-150-vyrocie-svojho-vzniku\/","url":"https:\/\/gumy.eu\/novinky\/pirelli-oslavuje-150-vyrocie-svojho-vzniku\/","name":"Pirelli oslavuje 150. v\u00fdro\u010die svojho vzniku - Novinky","isPartOf":{"@id":"https:\/\/gumy.eu\/novinky\/#website"},"primaryImageOfPage":{"@id":"https:\/\/gumy.eu\/novinky\/pirelli-oslavuje-150-vyrocie-svojho-vzniku\/#primaryimage"},"image":{"@id":"https:\/\/gumy.eu\/novinky\/pirelli-oslavuje-150-vyrocie-svojho-vzniku\/#primaryimage"},"thumbnailUrl":"https:\/\/gumy.eu\/novinky\/wp-content\/uploads\/2022\/02\/32012_LIFE-VISORE-INTERNO-PIRELLI-CELEBRA-I-SUOI-150-ANNI-1910X620.jpg","datePublished":"2022-02-03T12:15:27+00:00","dateModified":"2022-04-25T08:10:30+00:00","description":"Pri pr\u00edle\u017eitosti 150. v\u00fdro\u010dia svojho vzniku Pirelli pripravuje pre verejnos\u0165 \u0161irok\u00fa \u0161k\u00e1lu podujat\u00ed, programov a obsahu.","inLanguage":"sk-SK","potentialAction":[{"@type":"ReadAction","target":["https:\/\/gumy.eu\/novinky\/pirelli-oslavuje-150-vyrocie-svojho-vzniku\/"]}]},{"@type":"ImageObject","inLanguage":"sk-SK","@id":"https:\/\/gumy.eu\/novinky\/pirelli-oslavuje-150-vyrocie-svojho-vzniku\/#primaryimage","url":"https:\/\/gumy.eu\/novinky\/wp-content\/uploads\/2022\/02\/32012_LIFE-VISORE-INTERNO-PIRELLI-CELEBRA-I-SUOI-150-ANNI-1910X620.jpg","contentUrl":"https:\/\/gumy.eu\/novinky\/wp-content\/uploads\/2022\/02\/32012_LIFE-VISORE-INTERNO-PIRELLI-CELEBRA-I-SUOI-150-ANNI-1910X620.jpg","width":1910,"height":620,"caption":"Pirelli 150. v\u00fdro\u010die vzniku"},{"@type":"WebSite","@id":"https:\/\/gumy.eu\/novinky\/#website","url":"https:\/\/gumy.eu\/novinky\/","name":"Novinky","description":"Gumy.eu","publisher":{"@id":"https:\/\/gumy.eu\/novinky\/#organization"},"potentialAction":[{"@type":"SearchAction","target":{"@type":"EntryPoint","urlTemplate":"https:\/\/gumy.eu\/novinky\/?s={search_term_string}"},"query-input":{"@type":"PropertyValueSpecification","valueRequired":true,"valueName":"search_term_string"}}],"inLanguage":"sk-SK"},{"@type":"Organization","@id":"https:\/\/gumy.eu\/novinky\/#organization","name":"Novinky","url":"https:\/\/gumy.eu\/novinky\/","logo":{"@type":"ImageObject","inLanguage":"sk-SK","@id":"https:\/\/gumy.eu\/novinky\/#\/schema\/logo\/image\/","url":"https:\/\/gumy.eu\/novinky\/wp-content\/uploads\/2025\/04\/gumy_eu-logo-200x85-1.jpg","contentUrl":"https:\/\/gumy.eu\/novinky\/wp-content\/uploads\/2025\/04\/gumy_eu-logo-200x85-1.jpg","width":200,"height":85,"caption":"Novinky"},"image":{"@id":"https:\/\/gumy.eu\/novinky\/#\/schema\/logo\/image\/"}},{"@type":"Person","@id":"https:\/\/gumy.eu\/novinky\/#\/schema\/person\/c04655e2d84373e1bc44a7084bee8d0f","name":"marketing","sameAs":["https:\/\/gumy.eu\/novinky"],"url":"https:\/\/gumy.eu\/novinky\/author\/marketing\/"}]}},"_links":{"self":[{"href":"https:\/\/gumy.eu\/novinky\/wp-json\/wp\/v2\/posts\/444","targetHints":{"allow":["GET"]}}],"collection":[{"href":"https:\/\/gumy.eu\/novinky\/wp-json\/wp\/v2\/posts"}],"about":[{"href":"https:\/\/gumy.eu\/novinky\/wp-json\/wp\/v2\/types\/post"}],"author":[{"embeddable":true,"href":"https:\/\/gumy.eu\/novinky\/wp-json\/wp\/v2\/users\/1"}],"replies":[{"embeddable":true,"href":"https:\/\/gumy.eu\/novinky\/wp-json\/wp\/v2\/comments?post=444"}],"version-history":[{"count":10,"href":"https:\/\/gumy.eu\/novinky\/wp-json\/wp\/v2\/posts\/444\/revisions"}],"predecessor-version":[{"id":464,"href":"https:\/\/gumy.eu\/novinky\/wp-json\/wp\/v2\/posts\/444\/revisions\/464"}],"wp:featuredmedia":[{"embeddable":true,"href":"https:\/\/gumy.eu\/novinky\/wp-json\/wp\/v2\/media\/449"}],"wp:attachment":[{"href":"https:\/\/gumy.eu\/novinky\/wp-json\/wp\/v2\/media?parent=444"}],"wp:term":[{"taxonomy":"category","embeddable":true,"href":"https:\/\/gumy.eu\/novinky\/wp-json\/wp\/v2\/categories?post=444"},{"taxonomy":"post_tag","embeddable":true,"href":"https:\/\/gumy.eu\/novinky\/wp-json\/wp\/v2\/tags?post=444"}],"curies":[{"name":"wp","href":"https:\/\/api.w.org\/{rel}","templated":true}]}}