{"id":640,"date":"2022-03-10T17:35:56","date_gmt":"2022-03-10T17:35:56","guid":{"rendered":"https:\/\/gumy.eu\/novinky\/?p=640"},"modified":"2025-09-17T11:30:42","modified_gmt":"2025-09-17T11:30:42","slug":"kedy-prezut-na-letne-pneumatiky","status":"publish","type":"post","link":"https:\/\/gumy.eu\/novinky\/kedy-prezut-na-letne-pneumatiky\/","title":{"rendered":"Kedy prezu\u0165 na letn\u00e9 pneumatiky?"},"content":{"rendered":"\n<h2 class=\"wp-block-heading has-regular-font-size\"><strong>S\u00fa priemern\u00e9 teploty trvalo vy\u0161\u0161ie ako 7 \u00b0C? Skon\u010dili sa mrazy? Potom je \u010das rozl\u00fa\u010di\u0165 sa so zimn\u00fdmi pneumatikami a prezu\u0165 na letn\u00e9! <\/strong><a href=\"https:\/\/gumy.eu\/pneumatiky\/letne-pneumatiky\" target=\"_blank\" rel=\"noreferrer noopener\"><strong>Letn\u00e9 pneumatiky<\/strong><\/a><strong> maj\u00fa v\u010faka \u0161peci\u00e1lnemu dez\u00e9nu a zmesi dobr\u00fd v\u00fdkon na hor\u00facom asfalte. V\u00fdmena letn\u00fdch pneumat\u00edk vyvol\u00e1va mnoho ot\u00e1zok. Kedy by ste mali vymeni\u0165 zimn\u00e9 pneumatiky za letn\u00e9? Oplat\u00ed sa pri prezut\u00ed letn\u00fdch pneumat\u00edk vyu\u017ei\u0165 odborn\u00fa pomoc? Ko\u013eko stoj\u00ed prezutie tov\u00e1renskej sady letn\u00fdch pneumat\u00edk? V tomto \u010dl\u00e1nku sme zhroma\u017edili najd\u00f4le\u017eitej\u0161ie inform\u00e1cie o prezut\u00ed na letn\u00e9 pneumatiky!<\/strong><\/h2>\n\n\n\n<h2 class=\"wp-block-heading has-medium-font-size\"><strong>Prezutie letn\u00fdch pneumat\u00edk doma? Rad\u0161ej to prenechajte profesion\u00e1lom!<\/strong><\/h2>\n\n\n\n<p>Stav letn\u00fdch pneumat\u00edk je k\u013e\u00fa\u010dovou ot\u00e1zkou, pokia\u013e ide o bezpe\u010dn\u00fa prem\u00e1vku na cest\u00e1ch, a je d\u00f4le\u017eit\u00e9 nielen pou\u017e\u00edva\u0165 letn\u00e9 pneumatiky od jari, ale je tie\u017e nevyhnutn\u00e9 skontrolova\u0165 stav letn\u00fdch pneumat\u00edk, ktor\u00e9 chcete namontova\u0165. Zodpovedn\u00fdm motoristom odpor\u00fa\u010dame, aby sa nepok\u00fa\u0161ali vymeni\u0165 pneumatiky doma v gar\u00e1\u017ei, ale aby t\u00fato pr\u00e1cu rad\u0161ej zverili servisn\u00e9mu technikovi. Po\u010das servisu pneumat\u00edk mechanici skontroluj\u00fa r\u00e1fik aj samotn\u00fa letn\u00fa pneumatiku, vyh\u013eadaj\u00fa zn\u00e1mky fyzick\u00e9ho po\u0161kodenia (odreniny, z\u00e1rezy, roztrhnutia) pneumatiky a, samozrejme, skontroluj\u00fa r\u00e1fik, \u010di nie je po\u0161koden\u00fd alebo deformovan\u00fd.<\/p>\n\n\n\n<p>Okrem toho si profesion\u00e1lne a bezpe\u010dn\u00e9 prezutie letn\u00fdch pneumat\u00edk vy\u017eaduje \u0161pecializovan\u00e9 stroje, ktor\u00e9 m\u00e1 v\u00e4\u010d\u0161ina z n\u00e1s v dom\u00e1com prostred\u00ed len \u0165a\u017eko k dispoz\u00edcii. Gum\u00e1rensk\u00e1 mechanika pri v\u00fdmene montuje aj nov\u00e9 ventily, \u010do je d\u00f4le\u017eit\u00e9, preto\u017ee plastov\u00e9 a kovov\u00e9 ventily sa \u010dasom pokazia a ich v\u00fdmena s\u00edce nie je drah\u00e1, ale v\u00e4\u010d\u0161ina \u013eud\u00ed na to doma nemysl\u00ed. Nemo\u017eno dostato\u010dne zd\u00f4razni\u0165, \u017ee jazda na opotrebovan\u00fdch letn\u00fdch pneumatik\u00e1ch je nebezpe\u010dn\u00e1. Pri brzden\u00ed na mokrej vozovke sa spr\u00e1vaj\u00fa hor\u0161ie a testy opakovane uk\u00e1zali, \u017ee opotrebovan\u00e9 pneumatiky maj\u00fa ove\u013ea hor\u0161ie vlastnosti, ak je v\u00fdrobcom doporu\u010den\u00e1 h\u013abka dez\u00e9nu men\u0161ia ako 3 mm. V\u0161etk\u00fdm tie\u017e dopru\u010dujeme, aby si pneumatiky dali vymeni\u0165 v\u010das a ne\u010dakali, k\u00fdm bude neskoro!<\/p>\n\n\n\n<h2 class=\"wp-block-heading has-medium-font-size\"><strong>\u010cas prezutia na letn\u00e9 pneumatiky: kedy potrebujem prezu\u0165 na letn\u00e9 pneumatiky?<\/strong><\/h2>\n\n\n\n<p>Mnoh\u00ed motoristi si klad\u00fa ot\u00e1zku: kedy potrebujete prezu\u0165 na letn\u00e9 pneumatiky? Na Slovensku nie je \u010das v\u00fdmeny letn\u00fdch pneumat\u00edk upraven\u00fd z\u00e1konom. Pravidlom je z\u00e1sada 7 \u00b0C, pod\u013ea ktorej je \u010das na prezutie letn\u00fdch pneumat\u00edk vtedy, ke\u010f je priemern\u00e1 denn\u00e1 teplota trvalo vy\u0161\u0161ia ako 7 \u00b0C. Ak priemern\u00e1 teplota dosiahne pod\u013ea tohto pravidla minimum 7 \u00b0C, predpoklad\u00e1 sa, \u017ee sa nevyskytuj\u00fa rann\u00e9 pr\u00edzemn\u00e9 mrazy. Je to d\u00f4le\u017eit\u00e9, preto\u017ee \u0161peci\u00e1lna zmes a dez\u00e9n letn\u00fdch pneumat\u00edk zabezpe\u010duj\u00fa men\u0161ie opotrebovanie, lep\u0161iu pri\u013enavos\u0165 a ni\u017e\u0161iu spotrebu paliva na teplej\u0161om asfalte.<\/p>\n\n\n\n<p>Pl\u00e1nujete cestu do zahrani\u010dia? V mnoh\u00fdch krajin\u00e1ch sveta sa v\u00fdmena letn\u00fdch pneumat\u00edk nevia\u017ee na poveternostn\u00e9 podmienky, ale na vopred stanoven\u00fd d\u00e1tum. Tu s\u00fa d\u00f4le\u017eit\u00e9 d\u00e1tumy!<\/p>\n\n\n\n<ul class=\"wp-block-list\">\n<li>V Rak\u00fasku mus\u00edte prezu\u0165 na letn\u00e9 pneumatiky do 15. apr\u00edla.<\/li>\n\n\n\n<li>V Rumunsku musia majitelia vozidiel prezu\u0165 letn\u00e9 pneumatiky do 31. marca.<\/li>\n\n\n\n<li>V \u010ceskej republike je term\u00edn v\u00fdmeny zimn\u00fdch pneu na letn\u00e9 pneumatiky tie\u017e 31. marec.<\/li>\n<\/ul>\n\n\n\n<p>Pri rozhodovan\u00ed o tom, kedy prezu\u0165 letn\u00e9 pneumatiky, je potrebn\u00e9 zoh\u013eadni\u0165 e\u0161te jeden aspekt. V\u00e4\u010d\u0161ina vodi\u010dov nav\u0161t\u00edvi autoservis alebo <a href=\"https:\/\/gumy.eu\/pneuservis\">pneuservis<\/a> v obdob\u00ed od polovice marca do za\u010diatku apr\u00edla. V tomto \u010dase by ste mali po\u010d\u00edta\u0165 s dlh\u0161\u00edm \u010dasom \u010dakania.<\/p>\n\n\n\n<h2 class=\"wp-block-heading has-medium-font-size\"><strong>Cena prezutia letn\u00fdch pneumat\u00edk<\/strong><\/h2>\n\n\n\n<p>Cena prezutia na letn\u00e9 pneumatiky z\u00e1vis\u00ed od viacer\u00fdch aspektov. Na o\u010dak\u00e1van\u00e9 n\u00e1klady maj\u00fa najv\u00e4\u010d\u0161\u00ed vplyv tieto faktory:<\/p>\n\n\n\n<ul class=\"wp-block-list\">\n<li>typ vozidla,<\/li>\n\n\n\n<li>ve\u013ekos\u0165 pneumat\u00edk (v\u00e4\u010d\u0161ia ve\u013ekos\u0165 pneumat\u00edk m\u00e1 zvy\u010dajne vy\u0161\u0161ie n\u00e1klady na prezutie),<\/li>\n\n\n\n<li>po\u017eadovan\u00e9 slu\u017eby (centrovanie, t. j. vyv\u00e1\u017eenie, zvy\u0161uje n\u00e1klady na v\u00fdmenu gumy).<\/li>\n<\/ul>\n\n\n<div class=\"wp-block-image\">\n<figure class=\"aligncenter\"><img decoding=\"async\" src=\"https:\/\/lh5.googleusercontent.com\/i-1FKA-YYp_H44bZNN9Jz-X-rIpVKf6T29HKrjmq1BGA6O5nxJwWPpB-gLhKQKOOiMicJhEOdFNyPGyIREzarVIplKfprx-O-SsrggKRPyBAchx3RTzFl1jv12yXJ08TQbu31jFeEVeOlSha\" alt=\"\"\/><\/figure>\n<\/div>\n\n\n<h2 class=\"wp-block-heading\"><strong>\u010casto kladen\u00e9 ot\u00e1zky o prezut\u00ed letn\u00fdch pneumat\u00edk<\/strong><\/h2>\n\n\n\n<h3 class=\"wp-block-heading\"><strong>Ak\u00e9 s\u00fa v\u00fdhody letnej pneumatiky?<\/strong><\/h3>\n\n\n\n<p>Letn\u00e9 pneumatiky pon\u00fakaj\u00fa uspokojiv\u00fd v\u00fdkon na hor\u00facom asfalte. V\u010faka svojmu dez\u00e9nu a zlo\u017eeniu materi\u00e1lu maj\u00fa v porovnan\u00ed so zimn\u00fdmi pneumatikami v hor\u00facom po\u010das\u00ed viacero v\u00fdhod. Najd\u00f4le\u017eitej\u0161ie v\u00fdhody s\u00fa zhrnut\u00e9 ni\u017e\u0161ie:<\/p>\n\n\n\n<ul class=\"wp-block-list\">\n<li>V tepl\u00fdch podmienkach maj\u00fa v\u010faka svojej tuhej kon\u0161trukcii a ni\u017e\u0161iemu treniu lep\u0161iu \u00fasporu paliva ako zimn\u00e9 pneumatiky.<\/li>\n\n\n\n<li>S\u00fa odolnej\u0161ie vo\u010di hor\u00facemu asfaltu a treniu, \u010do vedie k men\u0161iemu opotrebovaniu v lete.<\/li>\n\n\n\n<li>\u0160peci\u00e1lny dez\u00e9n beh\u00fa\u0148a pom\u00e1ha predch\u00e1dza\u0165 aquaplaningu po\u010das letn\u00fdch da\u017e\u010fov.<\/li>\n\n\n\n<li>V\u00fdkonnos\u0165 letn\u00fdch pneumat\u00edk na suchu je lep\u0161ia. Aj na hor\u00facom asfalte umo\u017e\u0148uj\u00fa presn\u00e9 zat\u00e1\u010danie, dobr\u00fa akceler\u00e1ciu a kr\u00e1tku brzdn\u00fa dr\u00e1hu.<\/li>\n<\/ul>\n\n\n\n<h3 class=\"wp-block-heading\"><strong>Kedy je potrebn\u00e9 prezu\u0165 na letn\u00e9 pneumatiky?<\/strong><\/h3>\n\n\n\n<p>S pr\u00edchodom jari si \u010doraz viac motoristov kladie ot\u00e1zku: kedy je potrebn\u00e9 prezu\u0165 na letn\u00e9 pneumatiky? Odpove\u010f je jednoduch\u00e1: ke\u010f je priemern\u00e1 teplota vy\u0161\u0161ia ako 7 \u00b0C, je \u010das vymeni\u0165 zimn\u00e9 pneumatiky za letn\u00e9.<\/p>\n\n\n\n<h3 class=\"wp-block-heading\"><strong>Je potrebn\u00e9 prezu\u0165 zimn\u00e9 pneumatiky na letn\u00e9?<\/strong><\/h3>\n\n\n\n<p>Hoci v na\u0161ej krajine neexistuje z\u00e1konn\u00e1 povinnos\u0165 meni\u0165 zimn\u00e9 pneumatiky na letn\u00e9, vodi\u010dom, ktor\u00ed nie s\u00fa spokojn\u00ed <a href=\"https:\/\/gumy.eu\/vyhladavaniepodlarozmeru\/vsetko\/vsetko\/vsetko\/celorocne-pneumatiky\">s celoro\u010dn\u00fdmi pneumatikami<\/a>, sa to m\u00f4\u017ee oplati\u0165. Najazd\u00edte ro\u010dne viac ako 10 000 kilometrov? M\u00e1te \u0161portov\u00fd \u0161t\u00fdl jazdy? Je d\u00f4le\u017eit\u00e1 maxim\u00e1lna pri\u013enavos\u0165 na klzk\u00fdch, z\u013eadovaten\u00fdch cest\u00e1ch? Ak je odpove\u010f na ktor\u00fako\u013evek z t\u00fdchto ot\u00e1zok kladn\u00e1, vyberte si sez\u00f3nnu sadu pneumat\u00edk!<\/p>\n\n\n\n<h3 class=\"wp-block-heading\"><strong>Kedy mo\u017eno pou\u017ei\u0165 letn\u00e9 pneumatiky?<\/strong><\/h3>\n\n\n\n<p>Mnoh\u00ed motoristi si klad\u00fa ot\u00e1zku: kedy sa m\u00f4\u017eu pou\u017e\u00edva\u0165 letn\u00e9 pneumatiky? Hoci letn\u00e9 pneumatiky so spr\u00e1vnou h\u013abkou zabezpe\u010dia vynikaj\u00facu pri\u013enavos\u0165 na mokrom povrchu, ak je priemern\u00e1 teplota trvalo ni\u017e\u0161ia ako 7 \u00b0C, zimn\u00e9 pneumatiky nezabezpe\u010dia spr\u00e1vnu spotrebu paliva a v\u00fdkon.<\/p>\n\n\n\n<h3 class=\"wp-block-heading\"><strong>M\u00f4\u017eu sa zimn\u00e9 pneumatiky pou\u017e\u00edva\u0165 aj v lete?<\/strong><\/h3>\n\n\n\n<p>Neexistuje \u017eiadny pr\u00e1vny predpis, ktor\u00fd by zakazoval pou\u017e\u00edvanie zimn\u00fdch pneumat\u00edk v lete. Na\u0161i odborn\u00edci v\u0161ak nedoporu\u010duj\u00fa pou\u017e\u00edva\u0165 zimn\u00e9 pneumatiky v obdob\u00ed roka, ke\u010f je priemern\u00e1 teplota trvalo vy\u0161\u0161ia ako 7 \u00b0C.<\/p>\n\n\n\n<p><strong><em>Vyberte si z na\u0161ej \u0161irokej ponuky zimn\u00fdch, letn\u00fdch a celoro\u010dn\u00fdch pneumat\u00edk!<\/em><\/strong><\/p>\n\n\n\n<div class=\"wp-block-buttons is-horizontal is-content-justification-center is-layout-flex wp-container-core-buttons-is-layout-499968f5 wp-block-buttons-is-layout-flex\">\n<div class=\"wp-block-button\"><a class=\"wp-block-button__link has-text-color has-background wp-element-button\" href=\"https:\/\/gumy.eu\/pneumatiky\/letne-pneumatiky\" style=\"border-radius:0px;color:#333333;background-color:#fdd814\" target=\"_blank\" rel=\"noreferrer noopener\">Letn\u00e9 pneumatiky<\/a><\/div>\n<\/div>\n","protected":false},"excerpt":{"rendered":"<p>S\u00fa priemern\u00e9 teploty trvalo vy\u0161\u0161ie ako 7 \u00b0C? Skon\u010dili sa mrazy? Potom je \u010das rozl\u00fa\u010di\u0165 sa so zimn\u00fdmi pneumatikami a<\/p>\n","protected":false},"author":1,"featured_media":646,"comment_status":"closed","ping_status":"closed","sticky":false,"template":"","format":"standard","meta":{"footnotes":""},"categories":[68],"tags":[],"class_list":["post-640","post","type-post","status-publish","format-standard","has-post-thumbnail","hentry","category-letne-pneumatiky"],"yoast_head":"<!-- This site is optimized with the Yoast SEO plugin v27.5 - https:\/\/yoast.com\/product\/yoast-seo-wordpress\/ -->\n<title>Kedy prezu\u0165 na letn\u00e9 pneumatiky? - Novinky<\/title>\n<meta name=\"description\" content=\"S\u00fa priemern\u00e9 teploty trvalo vy\u0161\u0161ie ako 7 \u00b0C? Skon\u010dili sa mrazy? Potom je \u010das rozl\u00fa\u010di\u0165 sa so zimn\u00fdmi pneumatikami a prezu\u0165 na letn\u00e9!\" \/>\n<meta name=\"robots\" content=\"index, follow, max-snippet:-1, max-image-preview:large, max-video-preview:-1\" \/>\n<link rel=\"canonical\" href=\"https:\/\/gumy.eu\/novinky\/kedy-prezut-na-letne-pneumatiky\/\" \/>\n<meta property=\"og:locale\" content=\"sk_SK\" \/>\n<meta property=\"og:type\" content=\"article\" \/>\n<meta property=\"og:title\" content=\"Kedy prezu\u0165 na letn\u00e9 pneumatiky? - Novinky\" \/>\n<meta property=\"og:description\" content=\"S\u00fa priemern\u00e9 teploty trvalo vy\u0161\u0161ie ako 7 \u00b0C? Skon\u010dili sa mrazy? Potom je \u010das rozl\u00fa\u010di\u0165 sa so zimn\u00fdmi pneumatikami a prezu\u0165 na letn\u00e9!\" \/>\n<meta property=\"og:url\" content=\"https:\/\/gumy.eu\/novinky\/kedy-prezut-na-letne-pneumatiky\/\" \/>\n<meta property=\"og:site_name\" content=\"Novinky\" \/>\n<meta property=\"article:published_time\" content=\"2022-03-10T17:35:56+00:00\" \/>\n<meta property=\"article:modified_time\" content=\"2025-09-17T11:30:42+00:00\" \/>\n<meta property=\"og:image\" content=\"https:\/\/gumy.eu\/novinky\/wp-content\/uploads\/2022\/03\/nyari-gumi-csere.jpg.jpg\" \/>\n\t<meta property=\"og:image:width\" content=\"1980\" \/>\n\t<meta property=\"og:image:height\" content=\"1320\" \/>\n\t<meta property=\"og:image:type\" content=\"image\/jpeg\" \/>\n<meta name=\"author\" content=\"marketing\" \/>\n<meta name=\"twitter:card\" content=\"summary_large_image\" \/>\n<meta name=\"twitter:label1\" content=\"Autor\" \/>\n\t<meta name=\"twitter:data1\" content=\"marketing\" \/>\n\t<meta name=\"twitter:label2\" content=\"Predpokladan\u00fd \u010das \u010d\u00edtania\" \/>\n\t<meta name=\"twitter:data2\" content=\"4 min\u00faty\" \/>\n<script type=\"application\/ld+json\" class=\"yoast-schema-graph\">{\"@context\":\"https:\\\/\\\/schema.org\",\"@graph\":[{\"@type\":\"Article\",\"@id\":\"https:\\\/\\\/gumy.eu\\\/novinky\\\/kedy-prezut-na-letne-pneumatiky\\\/#article\",\"isPartOf\":{\"@id\":\"https:\\\/\\\/gumy.eu\\\/novinky\\\/kedy-prezut-na-letne-pneumatiky\\\/\"},\"author\":{\"name\":\"marketing\",\"@id\":\"https:\\\/\\\/gumy.eu\\\/novinky\\\/#\\\/schema\\\/person\\\/c04655e2d84373e1bc44a7084bee8d0f\"},\"headline\":\"Kedy prezu\u0165 na letn\u00e9 pneumatiky?\",\"datePublished\":\"2022-03-10T17:35:56+00:00\",\"dateModified\":\"2025-09-17T11:30:42+00:00\",\"mainEntityOfPage\":{\"@id\":\"https:\\\/\\\/gumy.eu\\\/novinky\\\/kedy-prezut-na-letne-pneumatiky\\\/\"},\"wordCount\":1096,\"publisher\":{\"@id\":\"https:\\\/\\\/gumy.eu\\\/novinky\\\/#organization\"},\"image\":{\"@id\":\"https:\\\/\\\/gumy.eu\\\/novinky\\\/kedy-prezut-na-letne-pneumatiky\\\/#primaryimage\"},\"thumbnailUrl\":\"https:\\\/\\\/gumy.eu\\\/novinky\\\/wp-content\\\/uploads\\\/2022\\\/03\\\/nyari-gumi-csere.jpg.jpg\",\"articleSection\":[\"Letn\u00e9 pneumatiky\"],\"inLanguage\":\"sk-SK\"},{\"@type\":\"WebPage\",\"@id\":\"https:\\\/\\\/gumy.eu\\\/novinky\\\/kedy-prezut-na-letne-pneumatiky\\\/\",\"url\":\"https:\\\/\\\/gumy.eu\\\/novinky\\\/kedy-prezut-na-letne-pneumatiky\\\/\",\"name\":\"Kedy prezu\u0165 na letn\u00e9 pneumatiky? - Novinky\",\"isPartOf\":{\"@id\":\"https:\\\/\\\/gumy.eu\\\/novinky\\\/#website\"},\"primaryImageOfPage\":{\"@id\":\"https:\\\/\\\/gumy.eu\\\/novinky\\\/kedy-prezut-na-letne-pneumatiky\\\/#primaryimage\"},\"image\":{\"@id\":\"https:\\\/\\\/gumy.eu\\\/novinky\\\/kedy-prezut-na-letne-pneumatiky\\\/#primaryimage\"},\"thumbnailUrl\":\"https:\\\/\\\/gumy.eu\\\/novinky\\\/wp-content\\\/uploads\\\/2022\\\/03\\\/nyari-gumi-csere.jpg.jpg\",\"datePublished\":\"2022-03-10T17:35:56+00:00\",\"dateModified\":\"2025-09-17T11:30:42+00:00\",\"description\":\"S\u00fa priemern\u00e9 teploty trvalo vy\u0161\u0161ie ako 7 \u00b0C? Skon\u010dili sa mrazy? Potom je \u010das rozl\u00fa\u010di\u0165 sa so zimn\u00fdmi pneumatikami a prezu\u0165 na letn\u00e9!\",\"inLanguage\":\"sk-SK\",\"potentialAction\":[{\"@type\":\"ReadAction\",\"target\":[\"https:\\\/\\\/gumy.eu\\\/novinky\\\/kedy-prezut-na-letne-pneumatiky\\\/\"]}]},{\"@type\":\"ImageObject\",\"inLanguage\":\"sk-SK\",\"@id\":\"https:\\\/\\\/gumy.eu\\\/novinky\\\/kedy-prezut-na-letne-pneumatiky\\\/#primaryimage\",\"url\":\"https:\\\/\\\/gumy.eu\\\/novinky\\\/wp-content\\\/uploads\\\/2022\\\/03\\\/nyari-gumi-csere.jpg.jpg\",\"contentUrl\":\"https:\\\/\\\/gumy.eu\\\/novinky\\\/wp-content\\\/uploads\\\/2022\\\/03\\\/nyari-gumi-csere.jpg.jpg\",\"width\":1980,\"height\":1320,\"caption\":\"Row of car tires with a profile close-up on a black background\"},{\"@type\":\"WebSite\",\"@id\":\"https:\\\/\\\/gumy.eu\\\/novinky\\\/#website\",\"url\":\"https:\\\/\\\/gumy.eu\\\/novinky\\\/\",\"name\":\"Novinky\",\"description\":\"Gumy.eu\",\"publisher\":{\"@id\":\"https:\\\/\\\/gumy.eu\\\/novinky\\\/#organization\"},\"potentialAction\":[{\"@type\":\"SearchAction\",\"target\":{\"@type\":\"EntryPoint\",\"urlTemplate\":\"https:\\\/\\\/gumy.eu\\\/novinky\\\/?s={search_term_string}\"},\"query-input\":{\"@type\":\"PropertyValueSpecification\",\"valueRequired\":true,\"valueName\":\"search_term_string\"}}],\"inLanguage\":\"sk-SK\"},{\"@type\":\"Organization\",\"@id\":\"https:\\\/\\\/gumy.eu\\\/novinky\\\/#organization\",\"name\":\"Novinky\",\"url\":\"https:\\\/\\\/gumy.eu\\\/novinky\\\/\",\"logo\":{\"@type\":\"ImageObject\",\"inLanguage\":\"sk-SK\",\"@id\":\"https:\\\/\\\/gumy.eu\\\/novinky\\\/#\\\/schema\\\/logo\\\/image\\\/\",\"url\":\"https:\\\/\\\/gumy.eu\\\/novinky\\\/wp-content\\\/uploads\\\/2025\\\/04\\\/gumy_eu-logo-200x85-1.jpg\",\"contentUrl\":\"https:\\\/\\\/gumy.eu\\\/novinky\\\/wp-content\\\/uploads\\\/2025\\\/04\\\/gumy_eu-logo-200x85-1.jpg\",\"width\":200,\"height\":85,\"caption\":\"Novinky\"},\"image\":{\"@id\":\"https:\\\/\\\/gumy.eu\\\/novinky\\\/#\\\/schema\\\/logo\\\/image\\\/\"}},{\"@type\":\"Person\",\"@id\":\"https:\\\/\\\/gumy.eu\\\/novinky\\\/#\\\/schema\\\/person\\\/c04655e2d84373e1bc44a7084bee8d0f\",\"name\":\"marketing\",\"sameAs\":[\"https:\\\/\\\/gumy.eu\\\/novinky\"],\"url\":\"https:\\\/\\\/gumy.eu\\\/novinky\\\/author\\\/marketing\\\/\"}]}<\/script>\n<!-- \/ Yoast SEO plugin. -->","yoast_head_json":{"title":"Kedy prezu\u0165 na letn\u00e9 pneumatiky? - Novinky","description":"S\u00fa priemern\u00e9 teploty trvalo vy\u0161\u0161ie ako 7 \u00b0C? Skon\u010dili sa mrazy? Potom je \u010das rozl\u00fa\u010di\u0165 sa so zimn\u00fdmi pneumatikami a prezu\u0165 na letn\u00e9!","robots":{"index":"index","follow":"follow","max-snippet":"max-snippet:-1","max-image-preview":"max-image-preview:large","max-video-preview":"max-video-preview:-1"},"canonical":"https:\/\/gumy.eu\/novinky\/kedy-prezut-na-letne-pneumatiky\/","og_locale":"sk_SK","og_type":"article","og_title":"Kedy prezu\u0165 na letn\u00e9 pneumatiky? - Novinky","og_description":"S\u00fa priemern\u00e9 teploty trvalo vy\u0161\u0161ie ako 7 \u00b0C? Skon\u010dili sa mrazy? Potom je \u010das rozl\u00fa\u010di\u0165 sa so zimn\u00fdmi pneumatikami a prezu\u0165 na letn\u00e9!","og_url":"https:\/\/gumy.eu\/novinky\/kedy-prezut-na-letne-pneumatiky\/","og_site_name":"Novinky","article_published_time":"2022-03-10T17:35:56+00:00","article_modified_time":"2025-09-17T11:30:42+00:00","og_image":[{"width":1980,"height":1320,"url":"https:\/\/gumy.eu\/novinky\/wp-content\/uploads\/2022\/03\/nyari-gumi-csere.jpg.jpg","type":"image\/jpeg"}],"author":"marketing","twitter_card":"summary_large_image","twitter_misc":{"Autor":"marketing","Predpokladan\u00fd \u010das \u010d\u00edtania":"4 min\u00faty"},"schema":{"@context":"https:\/\/schema.org","@graph":[{"@type":"Article","@id":"https:\/\/gumy.eu\/novinky\/kedy-prezut-na-letne-pneumatiky\/#article","isPartOf":{"@id":"https:\/\/gumy.eu\/novinky\/kedy-prezut-na-letne-pneumatiky\/"},"author":{"name":"marketing","@id":"https:\/\/gumy.eu\/novinky\/#\/schema\/person\/c04655e2d84373e1bc44a7084bee8d0f"},"headline":"Kedy prezu\u0165 na letn\u00e9 pneumatiky?","datePublished":"2022-03-10T17:35:56+00:00","dateModified":"2025-09-17T11:30:42+00:00","mainEntityOfPage":{"@id":"https:\/\/gumy.eu\/novinky\/kedy-prezut-na-letne-pneumatiky\/"},"wordCount":1096,"publisher":{"@id":"https:\/\/gumy.eu\/novinky\/#organization"},"image":{"@id":"https:\/\/gumy.eu\/novinky\/kedy-prezut-na-letne-pneumatiky\/#primaryimage"},"thumbnailUrl":"https:\/\/gumy.eu\/novinky\/wp-content\/uploads\/2022\/03\/nyari-gumi-csere.jpg.jpg","articleSection":["Letn\u00e9 pneumatiky"],"inLanguage":"sk-SK"},{"@type":"WebPage","@id":"https:\/\/gumy.eu\/novinky\/kedy-prezut-na-letne-pneumatiky\/","url":"https:\/\/gumy.eu\/novinky\/kedy-prezut-na-letne-pneumatiky\/","name":"Kedy prezu\u0165 na letn\u00e9 pneumatiky? - Novinky","isPartOf":{"@id":"https:\/\/gumy.eu\/novinky\/#website"},"primaryImageOfPage":{"@id":"https:\/\/gumy.eu\/novinky\/kedy-prezut-na-letne-pneumatiky\/#primaryimage"},"image":{"@id":"https:\/\/gumy.eu\/novinky\/kedy-prezut-na-letne-pneumatiky\/#primaryimage"},"thumbnailUrl":"https:\/\/gumy.eu\/novinky\/wp-content\/uploads\/2022\/03\/nyari-gumi-csere.jpg.jpg","datePublished":"2022-03-10T17:35:56+00:00","dateModified":"2025-09-17T11:30:42+00:00","description":"S\u00fa priemern\u00e9 teploty trvalo vy\u0161\u0161ie ako 7 \u00b0C? Skon\u010dili sa mrazy? Potom je \u010das rozl\u00fa\u010di\u0165 sa so zimn\u00fdmi pneumatikami a prezu\u0165 na letn\u00e9!","inLanguage":"sk-SK","potentialAction":[{"@type":"ReadAction","target":["https:\/\/gumy.eu\/novinky\/kedy-prezut-na-letne-pneumatiky\/"]}]},{"@type":"ImageObject","inLanguage":"sk-SK","@id":"https:\/\/gumy.eu\/novinky\/kedy-prezut-na-letne-pneumatiky\/#primaryimage","url":"https:\/\/gumy.eu\/novinky\/wp-content\/uploads\/2022\/03\/nyari-gumi-csere.jpg.jpg","contentUrl":"https:\/\/gumy.eu\/novinky\/wp-content\/uploads\/2022\/03\/nyari-gumi-csere.jpg.jpg","width":1980,"height":1320,"caption":"Row of car tires with a profile close-up on a black background"},{"@type":"WebSite","@id":"https:\/\/gumy.eu\/novinky\/#website","url":"https:\/\/gumy.eu\/novinky\/","name":"Novinky","description":"Gumy.eu","publisher":{"@id":"https:\/\/gumy.eu\/novinky\/#organization"},"potentialAction":[{"@type":"SearchAction","target":{"@type":"EntryPoint","urlTemplate":"https:\/\/gumy.eu\/novinky\/?s={search_term_string}"},"query-input":{"@type":"PropertyValueSpecification","valueRequired":true,"valueName":"search_term_string"}}],"inLanguage":"sk-SK"},{"@type":"Organization","@id":"https:\/\/gumy.eu\/novinky\/#organization","name":"Novinky","url":"https:\/\/gumy.eu\/novinky\/","logo":{"@type":"ImageObject","inLanguage":"sk-SK","@id":"https:\/\/gumy.eu\/novinky\/#\/schema\/logo\/image\/","url":"https:\/\/gumy.eu\/novinky\/wp-content\/uploads\/2025\/04\/gumy_eu-logo-200x85-1.jpg","contentUrl":"https:\/\/gumy.eu\/novinky\/wp-content\/uploads\/2025\/04\/gumy_eu-logo-200x85-1.jpg","width":200,"height":85,"caption":"Novinky"},"image":{"@id":"https:\/\/gumy.eu\/novinky\/#\/schema\/logo\/image\/"}},{"@type":"Person","@id":"https:\/\/gumy.eu\/novinky\/#\/schema\/person\/c04655e2d84373e1bc44a7084bee8d0f","name":"marketing","sameAs":["https:\/\/gumy.eu\/novinky"],"url":"https:\/\/gumy.eu\/novinky\/author\/marketing\/"}]}},"_links":{"self":[{"href":"https:\/\/gumy.eu\/novinky\/wp-json\/wp\/v2\/posts\/640","targetHints":{"allow":["GET"]}}],"collection":[{"href":"https:\/\/gumy.eu\/novinky\/wp-json\/wp\/v2\/posts"}],"about":[{"href":"https:\/\/gumy.eu\/novinky\/wp-json\/wp\/v2\/types\/post"}],"author":[{"embeddable":true,"href":"https:\/\/gumy.eu\/novinky\/wp-json\/wp\/v2\/users\/1"}],"replies":[{"embeddable":true,"href":"https:\/\/gumy.eu\/novinky\/wp-json\/wp\/v2\/comments?post=640"}],"version-history":[{"count":12,"href":"https:\/\/gumy.eu\/novinky\/wp-json\/wp\/v2\/posts\/640\/revisions"}],"predecessor-version":[{"id":2573,"href":"https:\/\/gumy.eu\/novinky\/wp-json\/wp\/v2\/posts\/640\/revisions\/2573"}],"wp:featuredmedia":[{"embeddable":true,"href":"https:\/\/gumy.eu\/novinky\/wp-json\/wp\/v2\/media\/646"}],"wp:attachment":[{"href":"https:\/\/gumy.eu\/novinky\/wp-json\/wp\/v2\/media?parent=640"}],"wp:term":[{"taxonomy":"category","embeddable":true,"href":"https:\/\/gumy.eu\/novinky\/wp-json\/wp\/v2\/categories?post=640"},{"taxonomy":"post_tag","embeddable":true,"href":"https:\/\/gumy.eu\/novinky\/wp-json\/wp\/v2\/tags?post=640"}],"curies":[{"name":"wp","href":"https:\/\/api.w.org\/{rel}","templated":true}]}}