{"id":839,"date":"2022-05-18T07:31:48","date_gmt":"2022-05-18T07:31:48","guid":{"rendered":"https:\/\/gumy.eu\/novinky\/?p=839"},"modified":"2022-05-18T11:20:16","modified_gmt":"2022-05-18T11:20:16","slug":"vredestein-bmw-active-tourer","status":"publish","type":"post","link":"https:\/\/gumy.eu\/novinky\/vredestein-bmw-active-tourer\/","title":{"rendered":"Pneumatiky Vredestein &#8211; z\u00e1klan\u00e1 v\u00fdbava BMW Active Tourer"},"content":{"rendered":"\n<p>BMW Group si vybrala pneumatiky Vredestein ako z\u00e1kladn\u00fa v\u00fdbavu pre nov\u00e9 BMW radu 2 Active Tourer.<\/p>\n\n\n\n<div class=\"wp-block-image\"><figure class=\"aligncenter\"><img decoding=\"async\" src=\"https:\/\/gumi.hu\/blog\/wp-content\/uploads\/2022\/05\/Kep1.png\" alt=\"\" class=\"wp-image-8665\"\/><\/figure><\/div>\n\n\n\n<h2 class=\"wp-block-heading\">Vredestein &#8211;  z\u00e1kladn\u00e1 v\u00fdbava BMW Active Tourer<\/h2>\n\n\n\n<p>BMW Group si vybrala pneumatiky <strong><a href=\"https:\/\/gumy.eu\/products\/search\/keyword?query=ultrac\" target=\"_blank\" rel=\"noreferrer noopener\">Vredestein Ultrac<\/a><\/strong>\u00a0od spolo\u010dnosti Apollo Tyres ako z\u00e1kladn\u00fa v\u00fdbavu pre kompletne obnoven\u00e9 BMW radu 2 Active Tourer, ktor\u00e9 bude v Eur\u00f3pe dostupn\u00e9 od marca 2022. Pneumatiky Vredestein vybran\u00e9 spolo\u010dnos\u0165ou BMW Group a vyr\u00e1ban\u00e9 v z\u00e1vode Apollo Tyres v ma\u010farskom Gy\u00f6ngy\u00f6shal\u00e1sz bud\u00fa pre tento model k dispoz\u00edcii v troch rozmeroch: 205\/65R16 95W, 205\/60R17 97W XL a 225\/50R18 99W XL. Ka\u017ed\u00e1 z t\u00fdchto pneumat\u00edk bude ma\u0165 na bo\u010dnici symbol hviezdy, ktor\u00fd ozna\u010duje, \u017ee bola \u0161peci\u00e1lne navrhnut\u00e1 pre BMW Group. Je to prv\u00fdkr\u00e1t, \u010do spolo\u010dnos\u0165 Apollo Tyres uzavrela dohodu s v\u00fdrobcom origin\u00e1lneho vybavenia BMW Group.<\/p>\n\n\n\n<p>V r\u00e1mci viacro\u010dnej dohody spolo\u010dnos\u0165 Apollo Tyres \u00fazko spolupracovala so skupinou BMW Group na \u010fal\u0161om v\u00fdvoji oce\u0148ovanej pneumatiky Ultrac, v\u00fdsledkom \u010doho s\u00fa tieto tov\u00e1rensky montovan\u00e9 pneumatiky, ktor\u00e9 poskytuj\u00fa bezpe\u010dn\u00fd a pr\u00edjemn\u00fd z\u00e1\u017eitok z jazdy s n\u00edzkym valiv\u00fdm odporom, ktor\u00fd podporuje \u00fasporu paliva. Pneumatiky maj\u00fa tie\u017e hodnotenie &#8222;A&#8220; za \u00fasporu paliva a pri\u013enavos\u0165 na mokrej vozovke, \u010d\u00edm dokonale sp\u013a\u0148aj\u00fa po\u017eiadavky BMW Group na jazdn\u00e9 vlastnosti.<\/p>\n\n\n\n<p>Na podporu z\u00e1kazn\u00edkov BMW Group s modelom radu 2 Active Tourer bud\u00fa pneumatiky <strong><a href=\"https:\/\/gumy.eu\/products\/search\/keyword?query=ultrac\" target=\"_blank\" rel=\"noreferrer noopener\">Ultrac\u00a0<\/a><\/strong>ozna\u010den\u00e9 hviezdi\u010dkou k dispoz\u00edcii aj na trhu s n\u00e1hradn\u00fdmi pneumatikami a u predajcov BMW.<\/p>\n\n\n\n<figure class=\"wp-block-image size-large\"><img loading=\"lazy\" decoding=\"async\" width=\"1024\" height=\"576\" src=\"https:\/\/gumy.eu\/novinky\/wp-content\/uploads\/2022\/05\/BMW-Active-Tourer-Ultrac-scaled-1-1024x576.jpg\" alt=\"\" class=\"wp-image-845\" srcset=\"https:\/\/gumy.eu\/novinky\/wp-content\/uploads\/2022\/05\/BMW-Active-Tourer-Ultrac-scaled-1-1024x576.jpg 1024w, https:\/\/gumy.eu\/novinky\/wp-content\/uploads\/2022\/05\/BMW-Active-Tourer-Ultrac-scaled-1-300x169.jpg 300w, https:\/\/gumy.eu\/novinky\/wp-content\/uploads\/2022\/05\/BMW-Active-Tourer-Ultrac-scaled-1-768x432.jpg 768w, https:\/\/gumy.eu\/novinky\/wp-content\/uploads\/2022\/05\/BMW-Active-Tourer-Ultrac-scaled-1-1536x864.jpg 1536w, https:\/\/gumy.eu\/novinky\/wp-content\/uploads\/2022\/05\/BMW-Active-Tourer-Ultrac-scaled-1-2048x1152.jpg 2048w, https:\/\/gumy.eu\/novinky\/wp-content\/uploads\/2022\/05\/BMW-Active-Tourer-Ultrac-scaled-1-696x392.jpg 696w, https:\/\/gumy.eu\/novinky\/wp-content\/uploads\/2022\/05\/BMW-Active-Tourer-Ultrac-scaled-1-1068x601.jpg 1068w, https:\/\/gumy.eu\/novinky\/wp-content\/uploads\/2022\/05\/BMW-Active-Tourer-Ultrac-scaled-1-747x420.jpg 747w\" sizes=\"auto, (max-width: 1024px) 100vw, 1024px\" \/><\/figure>\n\n\n\n<p>Benoit Rivallant, prezident a gener\u00e1lny riadite\u013e spolo\u010dnosti Apollo Tyres Europe, povedal: &#8222;Pri v\u00fdvoji pneumat\u00edk Ultrac \u0161peci\u00e1lne pre BMW radu 2 Active Tourer sa n\u00e1\u0161 v\u00fdskumn\u00fd a v\u00fdvojov\u00fd t\u00edm zameral na to, aby pneumatika \u010falej zlep\u0161ovala k\u013e\u00fa\u010dov\u00e9 vlastnosti vozidla a poskytovala pr\u00edjemn\u00fa, kultivovan\u00fa a efekt\u00edvnu jazdu.&#8220;<\/p>\n\n\n\n<h2 class=\"wp-block-heading\">Pneumatiky Vredestein Ultrac<\/h2>\n\n\n\n<p>Najnov\u0161\u00ed rad pneumat\u00edk <strong><a href=\"https:\/\/gumy.eu\/products\/search\/keyword?query=ultrac\" target=\"_blank\" rel=\"noreferrer noopener\">Ultrac\u00a0<\/a><\/strong>pon\u00faka o 15 % lep\u0161ie jazdn\u00e9 vlastnosti na suchom a mokrom povrchu ako ich predchodcovia. Je to v\u010faka vylep\u0161enej dutine pneumatiky pre hranatej\u0161\u00ed tvar dez\u00e9nu, tuh\u0161iemu dez\u00e9nu, stredov\u00e9mu rebru a bo\u010dn\u00fdm dr\u00e1\u017ekam, ktor\u00e9 spolo\u010dne zlep\u0161uj\u00fa presnos\u0165 riadenia pre bezpe\u010dn\u00fa a dynamick\u00fa jazdu. Okrem toho maj\u00fa nov\u00e9 pneumatiky o 5 % lep\u0161\u00ed valiv\u00fd odpor, \u010do zlep\u0161uje palivov\u00fa \u00faspornos\u0165 a zni\u017euje emisie CO2.<\/p>\n\n\n\n<p>V porovnan\u00ed so svoj\u00edm predchodcom obsahuje Ultrac o 50 % viac jedine\u010dnej zmesi oxidu kremi\u010dit\u00e9ho a \u017eivice, ktor\u00e1 zlep\u0161uje brzdn\u00fd v\u00fdkon o 10 % na suchom aj mokrom povrchu. V\u010faka zn\u00ed\u017eenej v\u00fd\u0161ke \u0161pi\u010dky, optimalizovanej kon\u0161trukcii bo\u010dn\u00edc a zv\u00e4\u010d\u0161enej ohybovej z\u00f3ne sa zlep\u0161il aj v\u00fdkon v oblasti tlmenia n\u00e1razov a redukcie hluku. Okrem toho bolo rozlo\u017eenie blokov dez\u00e9nu optimalizovan\u00e9 pre r\u00f4zne priemery pneumat\u00edk s cie\u013eom zv\u00fd\u0161i\u0165 akustick\u00fd komfort.<\/p>\n\n\n\n<figure class=\"wp-block-embed is-type-video is-provider-youtube wp-block-embed-youtube wp-embed-aspect-4-3 wp-has-aspect-ratio\"><div class=\"wp-block-embed__wrapper\">\n<iframe loading=\"lazy\" title=\"Vredestein Summer Tyre: The New Ultrac | Drive Like You&#039;ve Never Driven Before!\" width=\"800\" height=\"600\" src=\"https:\/\/www.youtube.com\/embed\/ptHxHeDgDwA?feature=oembed\" frameborder=\"0\" allow=\"accelerometer; autoplay; clipboard-write; encrypted-media; gyroscope; picture-in-picture; web-share\" referrerpolicy=\"strict-origin-when-cross-origin\" allowfullscreen><\/iframe>\n<\/div><\/figure>\n\n\n\n<p class=\"has-text-align-center\"><em><strong>Vyberte si z na\u0161ej \u0161irokej ponuky zimn\u00fdch, letn\u00fdch a celoro\u010dn\u00fdch pneumat\u00edk!<\/strong><\/em><\/p>\n\n\n\n<div class=\"wp-block-buttons is-content-justification-center is-layout-flex wp-block-buttons-is-layout-flex\">\n<div class=\"wp-block-button\"><a class=\"wp-block-button__link has-text-color has-background\" href=\"https:\/\/gumy.eu\/vyhladavaniepodlarozmeru\/osobnevozidlo,uzitkove,terenne\/vsetko\/vsetko\/letnepneumatiky\/vredestein\" style=\"background-color:#fdd814;color:#333333\">Letn\u00e9 pneumatiky VREDESTEIN<\/a><\/div>\n<\/div>\n","protected":false},"excerpt":{"rendered":"<p>BMW Group si vybrala pneumatiky Vredestein ako z\u00e1kladn\u00fa v\u00fdbavu pre nov\u00e9 BMW radu 2 Active Tourer. Vredestein &#8211; z\u00e1kladn\u00e1 v\u00fdbava<\/p>\n","protected":false},"author":1,"featured_media":844,"comment_status":"closed","ping_status":"closed","sticky":false,"template":"","format":"standard","meta":{"footnotes":""},"categories":[68,73,69,85],"tags":[],"class_list":["post-839","post","type-post","status-publish","format-standard","has-post-thumbnail","hentry","category-letne-pneumatiky","category-partner","category-vredestein","category-zimne-letne-celorocne-pneumatiky"],"yoast_head":"<!-- This site is optimized with the Yoast SEO plugin v27.5 - https:\/\/yoast.com\/product\/yoast-seo-wordpress\/ -->\n<title>Pneumatiky Vredestein - z\u00e1klan\u00e1 v\u00fdbava BMW Active Tourer - Novinky<\/title>\n<meta name=\"description\" content=\"BMW Group si vybrala pneumatiky Vredestein ako z\u00e1kladn\u00fa v\u00fdbavu pre nov\u00e9 BMW radu 2 Active Tourer.\" \/>\n<meta name=\"robots\" content=\"index, follow, max-snippet:-1, max-image-preview:large, max-video-preview:-1\" \/>\n<link rel=\"canonical\" href=\"https:\/\/gumy.eu\/novinky\/vredestein-bmw-active-tourer\/\" \/>\n<meta property=\"og:locale\" content=\"sk_SK\" \/>\n<meta property=\"og:type\" content=\"article\" \/>\n<meta property=\"og:title\" content=\"Pneumatiky Vredestein - z\u00e1klan\u00e1 v\u00fdbava BMW Active Tourer - Novinky\" \/>\n<meta property=\"og:description\" content=\"BMW Group si vybrala pneumatiky Vredestein ako z\u00e1kladn\u00fa v\u00fdbavu pre nov\u00e9 BMW radu 2 Active Tourer.\" \/>\n<meta property=\"og:url\" content=\"https:\/\/gumy.eu\/novinky\/vredestein-bmw-active-tourer\/\" \/>\n<meta property=\"og:site_name\" content=\"Novinky\" \/>\n<meta property=\"article:published_time\" content=\"2022-05-18T07:31:48+00:00\" \/>\n<meta property=\"article:modified_time\" content=\"2022-05-18T11:20:16+00:00\" \/>\n<meta property=\"og:image\" content=\"https:\/\/gumy.eu\/novinky\/wp-content\/uploads\/2022\/05\/BMW-Active-Tourer-Ultrac-image-2-scaled-1.jpg\" \/>\n\t<meta property=\"og:image:width\" content=\"2560\" \/>\n\t<meta property=\"og:image:height\" content=\"1440\" \/>\n\t<meta property=\"og:image:type\" content=\"image\/jpeg\" \/>\n<meta name=\"author\" content=\"marketing\" \/>\n<meta name=\"twitter:card\" content=\"summary_large_image\" \/>\n<meta name=\"twitter:label1\" content=\"Autor\" \/>\n\t<meta name=\"twitter:data1\" content=\"marketing\" \/>\n\t<meta name=\"twitter:label2\" content=\"Predpokladan\u00fd \u010das \u010d\u00edtania\" \/>\n\t<meta name=\"twitter:data2\" content=\"3 min\u00faty\" \/>\n<script type=\"application\/ld+json\" class=\"yoast-schema-graph\">{\"@context\":\"https:\\\/\\\/schema.org\",\"@graph\":[{\"@type\":\"Article\",\"@id\":\"https:\\\/\\\/gumy.eu\\\/novinky\\\/vredestein-bmw-active-tourer\\\/#article\",\"isPartOf\":{\"@id\":\"https:\\\/\\\/gumy.eu\\\/novinky\\\/vredestein-bmw-active-tourer\\\/\"},\"author\":{\"name\":\"marketing\",\"@id\":\"https:\\\/\\\/gumy.eu\\\/novinky\\\/#\\\/schema\\\/person\\\/c04655e2d84373e1bc44a7084bee8d0f\"},\"headline\":\"Pneumatiky Vredestein &#8211; z\u00e1klan\u00e1 v\u00fdbava BMW Active Tourer\",\"datePublished\":\"2022-05-18T07:31:48+00:00\",\"dateModified\":\"2022-05-18T11:20:16+00:00\",\"mainEntityOfPage\":{\"@id\":\"https:\\\/\\\/gumy.eu\\\/novinky\\\/vredestein-bmw-active-tourer\\\/\"},\"wordCount\":517,\"publisher\":{\"@id\":\"https:\\\/\\\/gumy.eu\\\/novinky\\\/#organization\"},\"image\":{\"@id\":\"https:\\\/\\\/gumy.eu\\\/novinky\\\/vredestein-bmw-active-tourer\\\/#primaryimage\"},\"thumbnailUrl\":\"https:\\\/\\\/gumy.eu\\\/novinky\\\/wp-content\\\/uploads\\\/2022\\\/05\\\/BMW-Active-Tourer-Ultrac-image-2-scaled-1.jpg\",\"articleSection\":[\"Letn\u00e9 pneumatiky\",\"partner\",\"Vredestein\",\"Zimn\u00e9\\\/ letn\u00e9\\\/ celoro\u010dn\u00e9 pneumatiky\"],\"inLanguage\":\"sk-SK\"},{\"@type\":\"WebPage\",\"@id\":\"https:\\\/\\\/gumy.eu\\\/novinky\\\/vredestein-bmw-active-tourer\\\/\",\"url\":\"https:\\\/\\\/gumy.eu\\\/novinky\\\/vredestein-bmw-active-tourer\\\/\",\"name\":\"Pneumatiky Vredestein - z\u00e1klan\u00e1 v\u00fdbava BMW Active Tourer - Novinky\",\"isPartOf\":{\"@id\":\"https:\\\/\\\/gumy.eu\\\/novinky\\\/#website\"},\"primaryImageOfPage\":{\"@id\":\"https:\\\/\\\/gumy.eu\\\/novinky\\\/vredestein-bmw-active-tourer\\\/#primaryimage\"},\"image\":{\"@id\":\"https:\\\/\\\/gumy.eu\\\/novinky\\\/vredestein-bmw-active-tourer\\\/#primaryimage\"},\"thumbnailUrl\":\"https:\\\/\\\/gumy.eu\\\/novinky\\\/wp-content\\\/uploads\\\/2022\\\/05\\\/BMW-Active-Tourer-Ultrac-image-2-scaled-1.jpg\",\"datePublished\":\"2022-05-18T07:31:48+00:00\",\"dateModified\":\"2022-05-18T11:20:16+00:00\",\"description\":\"BMW Group si vybrala pneumatiky Vredestein ako z\u00e1kladn\u00fa v\u00fdbavu pre nov\u00e9 BMW radu 2 Active Tourer.\",\"inLanguage\":\"sk-SK\",\"potentialAction\":[{\"@type\":\"ReadAction\",\"target\":[\"https:\\\/\\\/gumy.eu\\\/novinky\\\/vredestein-bmw-active-tourer\\\/\"]}]},{\"@type\":\"ImageObject\",\"inLanguage\":\"sk-SK\",\"@id\":\"https:\\\/\\\/gumy.eu\\\/novinky\\\/vredestein-bmw-active-tourer\\\/#primaryimage\",\"url\":\"https:\\\/\\\/gumy.eu\\\/novinky\\\/wp-content\\\/uploads\\\/2022\\\/05\\\/BMW-Active-Tourer-Ultrac-image-2-scaled-1.jpg\",\"contentUrl\":\"https:\\\/\\\/gumy.eu\\\/novinky\\\/wp-content\\\/uploads\\\/2022\\\/05\\\/BMW-Active-Tourer-Ultrac-image-2-scaled-1.jpg\",\"width\":2560,\"height\":1440,\"caption\":\"Vredestein\"},{\"@type\":\"WebSite\",\"@id\":\"https:\\\/\\\/gumy.eu\\\/novinky\\\/#website\",\"url\":\"https:\\\/\\\/gumy.eu\\\/novinky\\\/\",\"name\":\"Novinky\",\"description\":\"Gumy.eu\",\"publisher\":{\"@id\":\"https:\\\/\\\/gumy.eu\\\/novinky\\\/#organization\"},\"potentialAction\":[{\"@type\":\"SearchAction\",\"target\":{\"@type\":\"EntryPoint\",\"urlTemplate\":\"https:\\\/\\\/gumy.eu\\\/novinky\\\/?s={search_term_string}\"},\"query-input\":{\"@type\":\"PropertyValueSpecification\",\"valueRequired\":true,\"valueName\":\"search_term_string\"}}],\"inLanguage\":\"sk-SK\"},{\"@type\":\"Organization\",\"@id\":\"https:\\\/\\\/gumy.eu\\\/novinky\\\/#organization\",\"name\":\"Novinky\",\"url\":\"https:\\\/\\\/gumy.eu\\\/novinky\\\/\",\"logo\":{\"@type\":\"ImageObject\",\"inLanguage\":\"sk-SK\",\"@id\":\"https:\\\/\\\/gumy.eu\\\/novinky\\\/#\\\/schema\\\/logo\\\/image\\\/\",\"url\":\"https:\\\/\\\/gumy.eu\\\/novinky\\\/wp-content\\\/uploads\\\/2025\\\/04\\\/gumy_eu-logo-200x85-1.jpg\",\"contentUrl\":\"https:\\\/\\\/gumy.eu\\\/novinky\\\/wp-content\\\/uploads\\\/2025\\\/04\\\/gumy_eu-logo-200x85-1.jpg\",\"width\":200,\"height\":85,\"caption\":\"Novinky\"},\"image\":{\"@id\":\"https:\\\/\\\/gumy.eu\\\/novinky\\\/#\\\/schema\\\/logo\\\/image\\\/\"}},{\"@type\":\"Person\",\"@id\":\"https:\\\/\\\/gumy.eu\\\/novinky\\\/#\\\/schema\\\/person\\\/c04655e2d84373e1bc44a7084bee8d0f\",\"name\":\"marketing\",\"sameAs\":[\"https:\\\/\\\/gumy.eu\\\/novinky\"],\"url\":\"https:\\\/\\\/gumy.eu\\\/novinky\\\/author\\\/marketing\\\/\"}]}<\/script>\n<!-- \/ Yoast SEO plugin. -->","yoast_head_json":{"title":"Pneumatiky Vredestein - z\u00e1klan\u00e1 v\u00fdbava BMW Active Tourer - Novinky","description":"BMW Group si vybrala pneumatiky Vredestein ako z\u00e1kladn\u00fa v\u00fdbavu pre nov\u00e9 BMW radu 2 Active Tourer.","robots":{"index":"index","follow":"follow","max-snippet":"max-snippet:-1","max-image-preview":"max-image-preview:large","max-video-preview":"max-video-preview:-1"},"canonical":"https:\/\/gumy.eu\/novinky\/vredestein-bmw-active-tourer\/","og_locale":"sk_SK","og_type":"article","og_title":"Pneumatiky Vredestein - z\u00e1klan\u00e1 v\u00fdbava BMW Active Tourer - Novinky","og_description":"BMW Group si vybrala pneumatiky Vredestein ako z\u00e1kladn\u00fa v\u00fdbavu pre nov\u00e9 BMW radu 2 Active Tourer.","og_url":"https:\/\/gumy.eu\/novinky\/vredestein-bmw-active-tourer\/","og_site_name":"Novinky","article_published_time":"2022-05-18T07:31:48+00:00","article_modified_time":"2022-05-18T11:20:16+00:00","og_image":[{"width":2560,"height":1440,"url":"https:\/\/gumy.eu\/novinky\/wp-content\/uploads\/2022\/05\/BMW-Active-Tourer-Ultrac-image-2-scaled-1.jpg","type":"image\/jpeg"}],"author":"marketing","twitter_card":"summary_large_image","twitter_misc":{"Autor":"marketing","Predpokladan\u00fd \u010das \u010d\u00edtania":"3 min\u00faty"},"schema":{"@context":"https:\/\/schema.org","@graph":[{"@type":"Article","@id":"https:\/\/gumy.eu\/novinky\/vredestein-bmw-active-tourer\/#article","isPartOf":{"@id":"https:\/\/gumy.eu\/novinky\/vredestein-bmw-active-tourer\/"},"author":{"name":"marketing","@id":"https:\/\/gumy.eu\/novinky\/#\/schema\/person\/c04655e2d84373e1bc44a7084bee8d0f"},"headline":"Pneumatiky Vredestein &#8211; z\u00e1klan\u00e1 v\u00fdbava BMW Active Tourer","datePublished":"2022-05-18T07:31:48+00:00","dateModified":"2022-05-18T11:20:16+00:00","mainEntityOfPage":{"@id":"https:\/\/gumy.eu\/novinky\/vredestein-bmw-active-tourer\/"},"wordCount":517,"publisher":{"@id":"https:\/\/gumy.eu\/novinky\/#organization"},"image":{"@id":"https:\/\/gumy.eu\/novinky\/vredestein-bmw-active-tourer\/#primaryimage"},"thumbnailUrl":"https:\/\/gumy.eu\/novinky\/wp-content\/uploads\/2022\/05\/BMW-Active-Tourer-Ultrac-image-2-scaled-1.jpg","articleSection":["Letn\u00e9 pneumatiky","partner","Vredestein","Zimn\u00e9\/ letn\u00e9\/ celoro\u010dn\u00e9 pneumatiky"],"inLanguage":"sk-SK"},{"@type":"WebPage","@id":"https:\/\/gumy.eu\/novinky\/vredestein-bmw-active-tourer\/","url":"https:\/\/gumy.eu\/novinky\/vredestein-bmw-active-tourer\/","name":"Pneumatiky Vredestein - z\u00e1klan\u00e1 v\u00fdbava BMW Active Tourer - Novinky","isPartOf":{"@id":"https:\/\/gumy.eu\/novinky\/#website"},"primaryImageOfPage":{"@id":"https:\/\/gumy.eu\/novinky\/vredestein-bmw-active-tourer\/#primaryimage"},"image":{"@id":"https:\/\/gumy.eu\/novinky\/vredestein-bmw-active-tourer\/#primaryimage"},"thumbnailUrl":"https:\/\/gumy.eu\/novinky\/wp-content\/uploads\/2022\/05\/BMW-Active-Tourer-Ultrac-image-2-scaled-1.jpg","datePublished":"2022-05-18T07:31:48+00:00","dateModified":"2022-05-18T11:20:16+00:00","description":"BMW Group si vybrala pneumatiky Vredestein ako z\u00e1kladn\u00fa v\u00fdbavu pre nov\u00e9 BMW radu 2 Active Tourer.","inLanguage":"sk-SK","potentialAction":[{"@type":"ReadAction","target":["https:\/\/gumy.eu\/novinky\/vredestein-bmw-active-tourer\/"]}]},{"@type":"ImageObject","inLanguage":"sk-SK","@id":"https:\/\/gumy.eu\/novinky\/vredestein-bmw-active-tourer\/#primaryimage","url":"https:\/\/gumy.eu\/novinky\/wp-content\/uploads\/2022\/05\/BMW-Active-Tourer-Ultrac-image-2-scaled-1.jpg","contentUrl":"https:\/\/gumy.eu\/novinky\/wp-content\/uploads\/2022\/05\/BMW-Active-Tourer-Ultrac-image-2-scaled-1.jpg","width":2560,"height":1440,"caption":"Vredestein"},{"@type":"WebSite","@id":"https:\/\/gumy.eu\/novinky\/#website","url":"https:\/\/gumy.eu\/novinky\/","name":"Novinky","description":"Gumy.eu","publisher":{"@id":"https:\/\/gumy.eu\/novinky\/#organization"},"potentialAction":[{"@type":"SearchAction","target":{"@type":"EntryPoint","urlTemplate":"https:\/\/gumy.eu\/novinky\/?s={search_term_string}"},"query-input":{"@type":"PropertyValueSpecification","valueRequired":true,"valueName":"search_term_string"}}],"inLanguage":"sk-SK"},{"@type":"Organization","@id":"https:\/\/gumy.eu\/novinky\/#organization","name":"Novinky","url":"https:\/\/gumy.eu\/novinky\/","logo":{"@type":"ImageObject","inLanguage":"sk-SK","@id":"https:\/\/gumy.eu\/novinky\/#\/schema\/logo\/image\/","url":"https:\/\/gumy.eu\/novinky\/wp-content\/uploads\/2025\/04\/gumy_eu-logo-200x85-1.jpg","contentUrl":"https:\/\/gumy.eu\/novinky\/wp-content\/uploads\/2025\/04\/gumy_eu-logo-200x85-1.jpg","width":200,"height":85,"caption":"Novinky"},"image":{"@id":"https:\/\/gumy.eu\/novinky\/#\/schema\/logo\/image\/"}},{"@type":"Person","@id":"https:\/\/gumy.eu\/novinky\/#\/schema\/person\/c04655e2d84373e1bc44a7084bee8d0f","name":"marketing","sameAs":["https:\/\/gumy.eu\/novinky"],"url":"https:\/\/gumy.eu\/novinky\/author\/marketing\/"}]}},"_links":{"self":[{"href":"https:\/\/gumy.eu\/novinky\/wp-json\/wp\/v2\/posts\/839","targetHints":{"allow":["GET"]}}],"collection":[{"href":"https:\/\/gumy.eu\/novinky\/wp-json\/wp\/v2\/posts"}],"about":[{"href":"https:\/\/gumy.eu\/novinky\/wp-json\/wp\/v2\/types\/post"}],"author":[{"embeddable":true,"href":"https:\/\/gumy.eu\/novinky\/wp-json\/wp\/v2\/users\/1"}],"replies":[{"embeddable":true,"href":"https:\/\/gumy.eu\/novinky\/wp-json\/wp\/v2\/comments?post=839"}],"version-history":[{"count":13,"href":"https:\/\/gumy.eu\/novinky\/wp-json\/wp\/v2\/posts\/839\/revisions"}],"predecessor-version":[{"id":857,"href":"https:\/\/gumy.eu\/novinky\/wp-json\/wp\/v2\/posts\/839\/revisions\/857"}],"wp:featuredmedia":[{"embeddable":true,"href":"https:\/\/gumy.eu\/novinky\/wp-json\/wp\/v2\/media\/844"}],"wp:attachment":[{"href":"https:\/\/gumy.eu\/novinky\/wp-json\/wp\/v2\/media?parent=839"}],"wp:term":[{"taxonomy":"category","embeddable":true,"href":"https:\/\/gumy.eu\/novinky\/wp-json\/wp\/v2\/categories?post=839"},{"taxonomy":"post_tag","embeddable":true,"href":"https:\/\/gumy.eu\/novinky\/wp-json\/wp\/v2\/tags?post=839"}],"curies":[{"name":"wp","href":"https:\/\/api.w.org\/{rel}","templated":true}]}}